{"id":502770,"date":"2017-10-03T13:20:32","date_gmt":"2017-10-03T18:20:32","guid":{"rendered":"https:\/\/www.futboltotal.com.mx\/?p=502770"},"modified":"2017-10-03T13:20:32","modified_gmt":"2017-10-03T18:20:32","slug":"la-carta-emotiva-cristiano-ronaldo-a-los-11-anos-decidi","status":"publish","type":"post","link":"http:\/\/desarrollo.grupomedios.com\/futbol\/futbol-internacional\/la-carta-emotiva-cristiano-ronaldo-a-los-11-anos-decidi\/2017\/10","title":{"rendered":"La carta m\u00e1s emotiva de Cristiano Ronaldo: &#8220;A los 11 a\u00f1os decid\u00ed&#8230;&#8221;"},"content":{"rendered":"<p>El astro portugu\u00e9s <strong>Cristiano Ronaldo<\/strong>, figura del <strong>Real Madrid<\/strong> y de su selecci\u00f3n, se tom\u00f3 el tiempo para colaborar con The Players Tribune, un espacio en el que figuras del deporte abren su faceta m\u00e1s personal para millones de seguidores y comparten an\u00e9cdotas o vivencias que pocos conocemos.<\/p>\n<p><strong>Cristiano<\/strong> reiter\u00f3 su personalidad ganadora, misma que asegura tener desde que naci\u00f3, pero tambi\u00e9n confes\u00f3 el momento que m\u00e1s ha marcado su vida, siempre acompa\u00f1ado por su familia, as\u00ed como por el hombre que le anim\u00f3 a probar con el futbol de forma organizada: su padre.<\/p>\n<p>Aqu\u00ed el texto \u00edntegro, que vale la pena leer de principio a fin.<\/p>\n<blockquote><p>Tengo un fuerte recuerdo de cuando ten\u00eda 7 a\u00f1os. Tan fuerte que si cierro los ojos, me lo imagino y me emociono. Tiene que ver con mi familia.<\/p>\n<p>Acababa de empezar a jugar a f\u00fatbol en serio. Antes, yo solo jugaba en las calles de Madeira con mis amigos. Y cuando digo \u201ccalle\u201d, no me refiero a una callecita vac\u00eda. Quiero decir una <i>calle<\/i>. No ten\u00edamos porter\u00edas ni nada, y ten\u00edamos que parar el partido cada vez que pasaba un coche. Yo era muy feliz as\u00ed, pero mi padre era el utillero del CF Andorinha y no paraba de animarme a ir y jugar con el equipo filial. Yo sab\u00eda que eso le har\u00eda sentir orgulloso, as\u00ed que fui.<\/p>\n<p>El primer d\u00eda hab\u00eda un mont\u00f3n de reglas que yo no entend\u00eda, pero me encant\u00f3. Me enganch\u00e9 a la organizaci\u00f3n y a la sensaci\u00f3n de ganar. Mi padre estaba siempre ah\u00ed, en la banda, con su barba y su uniforme de trabajo. Le encantaba. Pero a mi madre y mis hermanas el f\u00fatbol no les interesaba en absoluto.<\/p>\n<p>Cada noche durante la cena, mi padre trataba de convencerles para que vinieran a verme jugar. \u00c9l fue mi primer representante. Cuando lleg\u00e1bamos a casa despu\u00e9s de los partidos, \u00e9l sol\u00eda decir, \u201c\u00a1Cristiano ha marcado un gol!\u201d<\/p>\n<p>Ellas respond\u00edan, \u201cAh, muy bien.\u201d<\/p>\n<p>No parec\u00edan muy emocionadas.<\/p>\n<p>La siguiente vez \u00e9l lleg\u00f3 a casa y dijo, \u201c\u00a1Cristiano ha marcado dos goles!\u201d<\/p>\n<p>Nada, cero emoci\u00f3n. Solo dec\u00edan, \u201cQu\u00e9 bien, Cris.\u201d<\/p>\n<p>\u00bfQue qu\u00e9 hice yo? Segu\u00ed marcando y marcando.<\/p>\n<p>Una noche, mi padre lleg\u00f3 a casa y dijo, \u201c\u00a1Cristiano ha marcado tres goles! \u00a1Ha sido incre\u00edble! \u00a1Ten\u00e9is que venir a verle jugar!<\/p>\n<p>Yo segu\u00eda mirando a la banda antes de cada partido y ve\u00eda ah\u00ed a mi padre, de pie, solo. Hasta que un d\u00eda -jam\u00e1s olvidar\u00e9 esta imagen- mientras calentaba, volv\u00ed a mirar como siempre y ah\u00ed estaban mi madre y mis hermanas, sentadas en la grada. Parec\u00eda\u2026 \u00bfC\u00f3mo decirlo? Parec\u00eda que estaban c\u00f3modas. Estaban abrazadas, y no aplaud\u00edan ni gritaban, solamente me saludaban, como si aquello fuera un desfile o algo as\u00ed. Se notaba que no hab\u00edan estado nunca en un partido de f\u00fatbol. Pero estaban ah\u00ed. Y eso era lo \u00fanico que me importaba.<\/p>\n<p>Me sent\u00ed tan bien en ese momento. Signific\u00f3 mucho para m\u00ed. Algo cambi\u00f3 dentro de m\u00ed. Me sent\u00ed orgulloso. Es cierto que no ten\u00edamos mucho dinero en esa \u00e9poca. La vida no era f\u00e1cil entonces en Madeira. Sol\u00eda jugar con botas viejas que heredaba de mi hermano o que me prestaban mis primos. Pero cuando eres ni\u00f1o, no te preocupa el dinero. Solo te preocupa sentirte de una determinada manera. Y aquel d\u00eda, yo me sent\u00ed as\u00ed. Me sent\u00ed protegido y querido. Como solemos decir en portugu\u00e9s, <i>menino querido da fam\u00edlia<\/i>.<\/p>\n<p><a href=\"https:\/\/www.futboltotal.com.mx\/wp-content\/uploads\/2017\/01\/Cristiano-Ronaldo-1.jpg\"><img decoding=\"async\" loading=\"lazy\" class=\"aligncenter size-large wp-image-454249\" src=\"https:\/\/www.futboltotal.com.mx\/wp-content\/uploads\/2017\/01\/Cristiano-Ronaldo-1-1024x576.jpg\" alt=\"La carta m\u00e1s emotiva de Cristiano Ronaldo: &#8220;A los 11 a\u00f1os decid\u00ed&#8230;&#8221; 0\" srcset=\"http:\/\/desarrollo.grupomedios.com\/futbol\/wp-content\/uploads\/2017\/01\/Cristiano-Ronaldo-1-1024x576.jpg 1024w, http:\/\/desarrollo.grupomedios.com\/futbol\/wp-content\/uploads\/2017\/01\/Cristiano-Ronaldo-1-300x169.jpg 300w, http:\/\/desarrollo.grupomedios.com\/futbol\/wp-content\/uploads\/2017\/01\/Cristiano-Ronaldo-1-768x432.jpg 768w, http:\/\/desarrollo.grupomedios.com\/futbol\/wp-content\/uploads\/2017\/01\/Cristiano-Ronaldo-1-317x178.jpg 317w, http:\/\/desarrollo.grupomedios.com\/futbol\/wp-content\/uploads\/2017\/01\/Cristiano-Ronaldo-1-535x301.jpg 535w, http:\/\/desarrollo.grupomedios.com\/futbol\/wp-content\/uploads\/2017\/01\/Cristiano-Ronaldo-1-374x210.jpg 374w, http:\/\/desarrollo.grupomedios.com\/futbol\/wp-content\/uploads\/2017\/01\/Cristiano-Ronaldo-1.jpg 1136w\" sizes=\"(max-width: 1024px) 100vw, 1024px\" \/><\/a><\/p>\n<p>Recuerdo esa \u00e9poca con nostalgia, porque dur\u00f3 muy poco. El f\u00fatbol me lo ha dado todo, pero tambi\u00e9n me alej\u00f3 de mi casa cuando todav\u00eda no estaba realmente preparado. Ten\u00eda once a\u00f1os el d\u00eda que me mud\u00e9 de la isla a la academia del Sporting de Lisboa y fue la etapa m\u00e1s dif\u00edcil de mi vida.<\/p>\n<p>Me parece una locura cuando lo recuerdo. Mi hijo, Cristiano Jr., tiene 7 a\u00f1os en estos momentos. Solo pensar en c\u00f3mo me sentir\u00eda si dentro de 4 a\u00f1os estuviera ayud\u00e1ndole a hacer las maletas para mandarle a Par\u00eds o Londres\u2026 prefiero ni imagin\u00e1rmelo. Estoy seguro de que para mis padres fue muy duro en su momento.<\/p>\n<p>Pero yo ten\u00eda un sue\u00f1o y aquella era mi oportunidad para cumplirlo. As\u00ed que me dejaron ir, y fui. Llor\u00e9 casi cada d\u00eda. Segu\u00eda en Portugal, pero fue como mudarse a otro pa\u00eds. Incluso el acento hac\u00eda que pareciese un idioma diferente. La cultura era diferente. No conoc\u00eda a nadie. Mi familia solo se pod\u00eda permitir venir a verme cada cuatro meses m\u00e1s o menos. Les echaba tanto de menos que todos los d\u00edas eran dolorosos.<\/p>\n<div>\u00a0El f\u00fatbol me ayud\u00f3 a seguir adelante. Yo sab\u00eda que era capaz de hacer cosas en el campo que los otros chicos de la academia no pod\u00edan hacer. Recuerdo la primera vez que escuch\u00e9 a uno de ellos decirle a otro, \u201c\u00bfHas visto lo que acaba de hacer? Es una bestia.\u201d<\/div>\n<p>Empec\u00e9 a escucharlo a menudo. Incluso a los entrenadores. Pero siempre hab\u00eda alguien que dec\u00eda, \u201cS\u00ed, pero es una pena que sea tan peque\u00f1o.\u201d<\/p>\n<p>Y es verdad, yo era muy flaco. No ten\u00eda m\u00fasculo. As\u00ed que a los 11 a\u00f1os tom\u00e9 una decisi\u00f3n. Ya sab\u00eda que ten\u00eda m\u00e1s talento que los dem\u00e1s. En ese momento decid\u00ed que tambi\u00e9n iba a trabajar mucho m\u00e1s duro que ellos. Ya no iba a jugar como un ni\u00f1o. Ya no me iba a comportar como un ni\u00f1o. Iba a entrenar con la convicci\u00f3n de que iba a llegar a ser el mejor del mundo.<\/p>\n<p><a href=\"https:\/\/www.futboltotal.com.mx\/wp-content\/uploads\/2017\/04\/cristiano-ronaldo-rebaja-pago-a-supuesta-mujer-violada.jpg\"><img decoding=\"async\" loading=\"lazy\" class=\"aligncenter size-large wp-image-475206\" src=\"https:\/\/www.futboltotal.com.mx\/wp-content\/uploads\/2017\/04\/cristiano-ronaldo-rebaja-pago-a-supuesta-mujer-violada-1024x576.jpg\" alt=\"Cristiano Ronaldo\" srcset=\"http:\/\/desarrollo.grupomedios.com\/futbol\/wp-content\/uploads\/2017\/04\/cristiano-ronaldo-rebaja-pago-a-supuesta-mujer-violada-1024x576.jpg 1024w, http:\/\/desarrollo.grupomedios.com\/futbol\/wp-content\/uploads\/2017\/04\/cristiano-ronaldo-rebaja-pago-a-supuesta-mujer-violada-300x169.jpg 300w, http:\/\/desarrollo.grupomedios.com\/futbol\/wp-content\/uploads\/2017\/04\/cristiano-ronaldo-rebaja-pago-a-supuesta-mujer-violada-768x432.jpg 768w, http:\/\/desarrollo.grupomedios.com\/futbol\/wp-content\/uploads\/2017\/04\/cristiano-ronaldo-rebaja-pago-a-supuesta-mujer-violada-317x178.jpg 317w, http:\/\/desarrollo.grupomedios.com\/futbol\/wp-content\/uploads\/2017\/04\/cristiano-ronaldo-rebaja-pago-a-supuesta-mujer-violada-535x301.jpg 535w, http:\/\/desarrollo.grupomedios.com\/futbol\/wp-content\/uploads\/2017\/04\/cristiano-ronaldo-rebaja-pago-a-supuesta-mujer-violada-374x210.jpg 374w, http:\/\/desarrollo.grupomedios.com\/futbol\/wp-content\/uploads\/2017\/04\/cristiano-ronaldo-rebaja-pago-a-supuesta-mujer-violada.jpg 1136w\" sizes=\"(max-width: 1024px) 100vw, 1024px\" \/><\/a><\/p>\n<p>No s\u00e9 de d\u00f3nde me viene ese sentimiento. Es algo que est\u00e1 dentro de m\u00ed. Es como una sensaci\u00f3n de hambre que nunca se va. Cuando pierdes, es como si te estuvieses muriendo de hambre. Y cuando ganas, tambi\u00e9n te est\u00e1s muriendo de hambre, pero te has comido una miga de pan. Esta es la \u00fanica manera en que puedo explicarlo.<\/p>\n<p>Empec\u00e9 a escaparme de la residencia por la noche para entrenar. Me puse m\u00e1s fuerte y r\u00e1pido. Y entonces, cuando sal\u00eda al campo, aquellos que sol\u00edan decir que era demasiado peque\u00f1o me miraban sorprendidos, como si se les cayera el mundo encima, y no dec\u00edan nada.<\/p>\n<p>Cuando\u00a0ten\u00eda 15 a\u00f1os, me acerqu\u00e9 a algunos de mis compa\u00f1eros durante el entrenamiento. Lo recuerdo claramente. Les dije, \u201cAlg\u00fan d\u00eda ser\u00e9 el mejor jugador del mundo.\u201d<\/p>\n<p>Se rieron. Todav\u00eda ni siquiera estaba en el primer equipo del Sporting, pero realmente lo pensaba. Lo dec\u00eda totalmente en serio.<\/p>\n<p><a href=\"https:\/\/www.futboltotal.com.mx\/wp-content\/uploads\/2017\/05\/Cristiano-Balon-de-Oro.jpg\"><img decoding=\"async\" loading=\"lazy\" class=\"aligncenter size-large wp-image-478298\" src=\"https:\/\/www.futboltotal.com.mx\/wp-content\/uploads\/2017\/05\/Cristiano-Balon-de-Oro-1024x576.jpg\" alt=\"La carta m\u00e1s emotiva de Cristiano Ronaldo: &#8220;A los 11 a\u00f1os decid\u00ed&#8230;&#8221; 2\" srcset=\"http:\/\/desarrollo.grupomedios.com\/futbol\/wp-content\/uploads\/2017\/05\/Cristiano-Balon-de-Oro-1024x576.jpg 1024w, http:\/\/desarrollo.grupomedios.com\/futbol\/wp-content\/uploads\/2017\/05\/Cristiano-Balon-de-Oro-300x169.jpg 300w, http:\/\/desarrollo.grupomedios.com\/futbol\/wp-content\/uploads\/2017\/05\/Cristiano-Balon-de-Oro-768x432.jpg 768w, http:\/\/desarrollo.grupomedios.com\/futbol\/wp-content\/uploads\/2017\/05\/Cristiano-Balon-de-Oro-317x178.jpg 317w, http:\/\/desarrollo.grupomedios.com\/futbol\/wp-content\/uploads\/2017\/05\/Cristiano-Balon-de-Oro-535x301.jpg 535w, http:\/\/desarrollo.grupomedios.com\/futbol\/wp-content\/uploads\/2017\/05\/Cristiano-Balon-de-Oro-374x210.jpg 374w, http:\/\/desarrollo.grupomedios.com\/futbol\/wp-content\/uploads\/2017\/05\/Cristiano-Balon-de-Oro.jpg 1136w\" sizes=\"(max-width: 1024px) 100vw, 1024px\" \/><\/a><\/p>\n<p>Cuando empec\u00e9 a jugar profesionalmente a los 17, mi madre apenas pod\u00eda ver los partidos por el estr\u00e9s. Sol\u00eda venir a verme jugar al antiguo Estadio Jos\u00e9 Alvalade, y se pon\u00eda tan nerviosa durante los partidos importantes que se desmay\u00f3 varias veces. Su m\u00e9dico le empez\u00f3 a recetar tranquilizantes para mis partidos.<\/p>\n<p>Yo sol\u00eda decirle, \u201c\u00bfte acuerdas cuando el f\u00fatbol no te importaba?\u201d<\/p>\n<p>Empec\u00e9 a so\u00f1ar a lo grande. Cada vez m\u00e1s grande. Quer\u00eda jugar en la selecci\u00f3n nacional y en el Manchester, porque sol\u00eda ver la Premier League por la televisi\u00f3n cada fin de semana. Me fascinaba la velocidad a la que se jugaban los partidos y los c\u00e1nticos de los aficionados. El ambiente me pon\u00eda la piel de gallina. Cuando me convert\u00ed en jugador del Manchester, fue un momento de m\u00e1ximo orgullo para m\u00ed. Pero creo que lo fue m\u00e1s para mi familia.<\/p>\n<p>Al principio, ganar trofeos era muy emocionante para m\u00ed. Recuerdo cuando gan\u00e9 mi primera Champions con el Manchester, las emociones me superaron. Lo mismo con el primer Bal\u00f3n de Oro. Pero mis sue\u00f1os eran cada vez m\u00e1s grandes. Supongo que as\u00ed funcionan los sue\u00f1os, \u00bfno? Yo siempre hab\u00eda admirado el Madrid y quer\u00eda un nuevo reto. Quer\u00eda ganar trofeos con el Madrid, romper todos los r\u00e9cords y convertirme en una leyenda del club.<\/p>\n<p>Durante los \u00faltimos ocho a\u00f1os, he conseguido cosas incre\u00edbles en Madrid. Pero para ser sincero, la sensaci\u00f3n al ganar trofeos es diferente a medida que mi carrera ha avanzado. Especialmente en los \u00faltimos dos a\u00f1os. En el Madrid, si no lo ganas todo, hay gente que lo considera un fracaso. Esas son las expectativas que genera la grandeza. Ese es mi trabajo.<\/p>\n<p>Cuando eres padre la sensaci\u00f3n es completamente diferente. Una sensaci\u00f3n que no puedo describir. Es por eso que mi tiempo en el Madrid ha sido especial. He sido futbolista, s\u00ed, pero tambi\u00e9n he sido padre.<\/p>\n<p><a href=\"https:\/\/www.futboltotal.com.mx\/wp-content\/uploads\/2017\/06\/Cristiano-Jr.jpg\"><img decoding=\"async\" loading=\"lazy\" class=\"aligncenter size-large wp-image-482096\" src=\"https:\/\/www.futboltotal.com.mx\/wp-content\/uploads\/2017\/06\/Cristiano-Jr-1024x576.jpg\" alt=\"La carta m\u00e1s emotiva de Cristiano Ronaldo: &#8220;A los 11 a\u00f1os decid\u00ed&#8230;&#8221; 3\" srcset=\"http:\/\/desarrollo.grupomedios.com\/futbol\/wp-content\/uploads\/2017\/06\/Cristiano-Jr-1024x576.jpg 1024w, http:\/\/desarrollo.grupomedios.com\/futbol\/wp-content\/uploads\/2017\/06\/Cristiano-Jr-300x169.jpg 300w, http:\/\/desarrollo.grupomedios.com\/futbol\/wp-content\/uploads\/2017\/06\/Cristiano-Jr-768x432.jpg 768w, http:\/\/desarrollo.grupomedios.com\/futbol\/wp-content\/uploads\/2017\/06\/Cristiano-Jr-317x178.jpg 317w, http:\/\/desarrollo.grupomedios.com\/futbol\/wp-content\/uploads\/2017\/06\/Cristiano-Jr-535x301.jpg 535w, http:\/\/desarrollo.grupomedios.com\/futbol\/wp-content\/uploads\/2017\/06\/Cristiano-Jr-374x210.jpg 374w, http:\/\/desarrollo.grupomedios.com\/futbol\/wp-content\/uploads\/2017\/06\/Cristiano-Jr.jpg 1136w\" sizes=\"(max-width: 1024px) 100vw, 1024px\" \/><\/a><\/p>\n<p>Hay un momento con mi hijo que va a quedar grabado para siempre en mi memoria.<\/p>\n<p>Cuando lo recuerdo, me emociono.<\/p>\n<div>\u00a0Es el momento justo despu\u00e9s de ganar la \u00faltima final de la Champions en Cardiff. Acab\u00e1bamos de hacer historia. Tras el pitido final, sent\u00ed que hab\u00eda mandado un mensaje al mundo. Pero entonces mi hijo entr\u00f3 al campo a celebrar conmigo\u2026 y la emoci\u00f3n cambi\u00f3 al instante. \u00c9l estaba corriendo de un lado para otro con el hijo de Marcelo. Agarramos el trofeo juntos. Y despu\u00e9s paseamos por el campo de la mano.<\/div>\n<p>Es una alegr\u00eda que jam\u00e1s hab\u00eda sentido hasta ser padre. Son tantas las emociones pasando al mismo tiempo que es imposible describir con palabras lo que sent\u00ed. Solo puedo compararlo con aquel momento en Madeira, cuando estaba calentando en el campo y vi a mi madre y mis hermanas juntas en la grada.<\/p>\n<p>Cuando volvimos al Bernab\u00e9u para celebrar, Cristiano Jr. y Marcelito estaban jugando sobre el c\u00e9sped delante de todos los madridistas. La escena no tiene nada que ver con la que viv\u00ed yo a su edad, jugando en las calles, pero espero que mi hijo se sienta como me sent\u00eda yo en esos momentos. <i>Menino querido da<\/i> <i>fam\u00edlia.<\/i><\/p>\n<p>Despu\u00e9s de 400 partidos con el Madrid, ganar sigue siendo mi m\u00e1xima ambici\u00f3n. Lo es todo para m\u00ed. Creo que nac\u00ed siendo as\u00ed. Pero la sensaci\u00f3n cuando gano ha cambiado. Este es un nuevo cap\u00edtulo en mi vida. Tengo un mensaje muy especial grabado en mis nuevas botas Mercurial. Est\u00e1 justo en el tal\u00f3n y es lo \u00faltimo que veo antes de atarme los cordones e ir hacia el t\u00fanel.<\/p>\n<p><a href=\"https:\/\/www.futboltotal.com.mx\/wp-content\/uploads\/2017\/09\/cristiano-renovacion.jpg\"><img decoding=\"async\" loading=\"lazy\" class=\"aligncenter size-large wp-image-501782\" src=\"https:\/\/www.futboltotal.com.mx\/wp-content\/uploads\/2017\/09\/cristiano-renovacion-1024x576.jpg\" alt=\"La carta m\u00e1s emotiva de Cristiano Ronaldo: &#8220;A los 11 a\u00f1os decid\u00ed&#8230;&#8221; 4\" srcset=\"http:\/\/desarrollo.grupomedios.com\/futbol\/wp-content\/uploads\/2017\/09\/cristiano-renovacion-1024x576.jpg 1024w, http:\/\/desarrollo.grupomedios.com\/futbol\/wp-content\/uploads\/2017\/09\/cristiano-renovacion-300x169.jpg 300w, http:\/\/desarrollo.grupomedios.com\/futbol\/wp-content\/uploads\/2017\/09\/cristiano-renovacion-768x432.jpg 768w, http:\/\/desarrollo.grupomedios.com\/futbol\/wp-content\/uploads\/2017\/09\/cristiano-renovacion-393x221.jpg 393w, http:\/\/desarrollo.grupomedios.com\/futbol\/wp-content\/uploads\/2017\/09\/cristiano-renovacion.jpg 1136w\" sizes=\"(max-width: 1024px) 100vw, 1024px\" \/><\/a><\/p>\n<p>Es como un \u00faltimo recordatorio, la \u00faltima motivaci\u00f3n.<\/p>\n<p>Dice, \u201cEl sue\u00f1o del ni\u00f1o.\u201d<\/p>\n<p>Puede que ahora lo entiendas todo.<\/p>\n<p>Al final, por supuesto, mi misi\u00f3n sigue siendo la misma. Quiero seguir rompiendo todos los r\u00e9cords con el Madrid. Quiero ganar todos los t\u00edtulos posibles.<\/p>\n<p>Esa es mi naturaleza. Esa es mi forma de ser.<\/p>\n<p>Pero lo que m\u00e1s recordar\u00e9 de mi tiempo en Madrid, y de lo que les hablar\u00e9 a mis nietos cuando tenga 95 a\u00f1os, es de lo que sent\u00ed caminando sobre el c\u00e9sped de la mano con mi hijo, siendo campe\u00f3n.<\/p>\n<p>Ojal\u00e1 lo podamos repetir pronto.<\/p><\/blockquote>\n","protected":false},"excerpt":{"rendered":"<p>El astro del Real Madrid hizo confesiones que pocos conoc\u00edamos.<\/p>\n","protected":false},"author":20,"featured_media":495964,"comment_status":"closed","ping_status":"closed","sticky":false,"template":"","format":"standard","meta":[],"categories":[3839],"tags":[6013,715,5988,10435],"_links":{"self":[{"href":"http:\/\/desarrollo.grupomedios.com\/futbol\/wp-json\/wp\/v2\/posts\/502770"}],"collection":[{"href":"http:\/\/desarrollo.grupomedios.com\/futbol\/wp-json\/wp\/v2\/posts"}],"about":[{"href":"http:\/\/desarrollo.grupomedios.com\/futbol\/wp-json\/wp\/v2\/types\/post"}],"author":[{"embeddable":true,"href":"http:\/\/desarrollo.grupomedios.com\/futbol\/wp-json\/wp\/v2\/users\/20"}],"replies":[{"embeddable":true,"href":"http:\/\/desarrollo.grupomedios.com\/futbol\/wp-json\/wp\/v2\/comments?post=502770"}],"version-history":[{"count":1,"href":"http:\/\/desarrollo.grupomedios.com\/futbol\/wp-json\/wp\/v2\/posts\/502770\/revisions"}],"predecessor-version":[{"id":502773,"href":"http:\/\/desarrollo.grupomedios.com\/futbol\/wp-json\/wp\/v2\/posts\/502770\/revisions\/502773"}],"wp:featuredmedia":[{"embeddable":true,"href":"http:\/\/desarrollo.grupomedios.com\/futbol\/wp-json\/wp\/v2\/media\/495964"}],"wp:attachment":[{"href":"http:\/\/desarrollo.grupomedios.com\/futbol\/wp-json\/wp\/v2\/media?parent=502770"}],"wp:term":[{"taxonomy":"category","embeddable":true,"href":"http:\/\/desarrollo.grupomedios.com\/futbol\/wp-json\/wp\/v2\/categories?post=502770"},{"taxonomy":"post_tag","embeddable":true,"href":"http:\/\/desarrollo.grupomedios.com\/futbol\/wp-json\/wp\/v2\/tags?post=502770"}],"curies":[{"name":"wp","href":"https:\/\/api.w.org\/{rel}","templated":true}]}}