{"id":502778,"date":"2017-10-03T13:48:05","date_gmt":"2017-10-03T18:48:05","guid":{"rendered":"https:\/\/www.futboltotal.com.mx\/?p=502778"},"modified":"2017-10-03T13:48:05","modified_gmt":"2017-10-03T18:48:05","slug":"cesar-villaluz-desea-regresar-a-cruz-azul-hacerlo-campeon","status":"publish","type":"post","link":"http:\/\/desarrollo.grupomedios.com\/futbol\/futbol-mexicano\/cesar-villaluz-desea-regresar-a-cruz-azul-hacerlo-campeon\/2017\/10","title":{"rendered":"C\u00e9sar Villaluz desea regresar a Cruz Azul y hacerlo campe\u00f3n"},"content":{"rendered":"<p>El futbolista de Celaya, <strong>C\u00e9sar Villaluz<\/strong> mostr\u00f3 su deseo de volver a vestir la camiseta de <strong>Cruz Azul<\/strong> y hacerlo campe\u00f3n, luego que recordara la \u00e9poca en la que estuvo con los cementeros.<\/p>\n<blockquote><p>&#8220;Debutas y ya no eres ese desconocido, marcas un nivel y la gente ya espera eso de ti o m\u00e1s. Esa varita s\u00ed estuvo marcada muy alto, pero creo que en su momento me fue bastante bien en\u00a0<strong>Cruz Azul<\/strong>. Las cosas me salieron bastante bien y lo \u00fanico que nos falt\u00f3 fue un campeonato para poder redondear toda esa buena actuaci\u00f3n\u201d, declar\u00f3 el futbolista para <em>ESPN<\/em>.<\/p>\n<p style=\"text-align: center;\"><span style=\"color: #333399;\"><a href=\"https:\/\/www.futboltotal.com.mx\/2017\/10\/mauro-boselli-los-peores-delantero-la-premier-league\/\" target=\"_blank\" rel=\"noopener\">VER M\u00c1S: Mauro Boselli, entre los peores delanteros de la Premier League<\/a><\/span><\/p>\n<\/blockquote>\n<p>A sus 29 a\u00f1os, Villaluz desear\u00eda poder regresar a Cruz Azul y darle a la instituci\u00f3n el ansiado t\u00edtulo que ha buscado desde 1997.<\/p>\n<blockquote><p>&#8220;Uno siempre quisiera regresar a esos momentos porque\u00a0se jugaron muchas finales, pero desafortunadamente no se pudo ganar ninguna.<strong> Uno quisiera regresar y poder ganar un campeonato con ese equipo<\/strong>, yo creo que ser\u00eda algo muy bueno, porque fue un equipo que me dio muchas cosas y uno quisiera contribuirle con un logro para la instituci\u00f3n\u201d, finaliz\u00f3.<\/p><\/blockquote>\n<p>\u00bfTe gustar\u00eda volver a verlo vestido de Celeste?<\/p>\n<p style=\"text-align: center;\"><span style=\"color: #333399;\"><a href=\"https:\/\/www.futboltotal.com.mx\/2017\/10\/confirmado-mexico-presentara-nuevo-jersey-mundialista-noviembre\/\" target=\"_blank\" rel=\"noopener\">VER M\u00c1S: M\u00e9xico presentar\u00e1 jersey mundialista en noviembre<\/a><\/span><\/p>\n","protected":false},"excerpt":{"rendered":"<p>El futbolista de Celaya recuerda con cari\u00f1o su paso como Celeste<\/p>\n","protected":false},"author":20,"featured_media":502790,"comment_status":"closed","ping_status":"closed","sticky":false,"template":"","format":"standard","meta":[],"categories":[2198,3845],"tags":[1177,5962,64],"_links":{"self":[{"href":"http:\/\/desarrollo.grupomedios.com\/futbol\/wp-json\/wp\/v2\/posts\/502778"}],"collection":[{"href":"http:\/\/desarrollo.grupomedios.com\/futbol\/wp-json\/wp\/v2\/posts"}],"about":[{"href":"http:\/\/desarrollo.grupomedios.com\/futbol\/wp-json\/wp\/v2\/types\/post"}],"author":[{"embeddable":true,"href":"http:\/\/desarrollo.grupomedios.com\/futbol\/wp-json\/wp\/v2\/users\/20"}],"replies":[{"embeddable":true,"href":"http:\/\/desarrollo.grupomedios.com\/futbol\/wp-json\/wp\/v2\/comments?post=502778"}],"version-history":[{"count":1,"href":"http:\/\/desarrollo.grupomedios.com\/futbol\/wp-json\/wp\/v2\/posts\/502778\/revisions"}],"predecessor-version":[{"id":502791,"href":"http:\/\/desarrollo.grupomedios.com\/futbol\/wp-json\/wp\/v2\/posts\/502778\/revisions\/502791"}],"wp:featuredmedia":[{"embeddable":true,"href":"http:\/\/desarrollo.grupomedios.com\/futbol\/wp-json\/wp\/v2\/media\/502790"}],"wp:attachment":[{"href":"http:\/\/desarrollo.grupomedios.com\/futbol\/wp-json\/wp\/v2\/media?parent=502778"}],"wp:term":[{"taxonomy":"category","embeddable":true,"href":"http:\/\/desarrollo.grupomedios.com\/futbol\/wp-json\/wp\/v2\/categories?post=502778"},{"taxonomy":"post_tag","embeddable":true,"href":"http:\/\/desarrollo.grupomedios.com\/futbol\/wp-json\/wp\/v2\/tags?post=502778"}],"curies":[{"name":"wp","href":"https:\/\/api.w.org\/{rel}","templated":true}]}}