{"id":502782,"date":"2017-10-03T13:51:42","date_gmt":"2017-10-03T18:51:42","guid":{"rendered":"https:\/\/www.futboltotal.com.mx\/?p=502782"},"modified":"2017-10-03T13:51:42","modified_gmt":"2017-10-03T18:51:42","slug":"hombre-pone-a-mbappe-balon-oro","status":"publish","type":"post","link":"http:\/\/desarrollo.grupomedios.com\/futbol\/futbol-internacional\/hombre-pone-a-mbappe-balon-oro\/2017\/10","title":{"rendered":"El hombre que pone a Mbapp\u00e9 como el Bal\u00f3n de Oro"},"content":{"rendered":"<p><span id=\"ctl14_lblMostra\"><strong>Blaise Matuidi<\/strong>, centrocampista del Juventus de Tur\u00edn, elogi\u00f3 hoy a su compa\u00f1ero en la selecci\u00f3n de Francia <strong>Kylian Mbapp\u00e9<\/strong>, de 18 a\u00f1os, y asever\u00f3 que tiene las condiciones para ganar el <strong>Bal\u00f3n de Oro<\/strong>.<\/p>\n<p>&#8220;Es alguien que te puede hacer ganar un partido con una genialidad, pero mantiene los pies la tierra. Eso es lo mejor de \u00e9l. Siempre tiene ganas de trabajar, de hacer m\u00e1s. Tiene un enorme futuro (&#8230;) Creo que estar\u00e1 entre los que un d\u00eda puedan ganar un Bal\u00f3n de Oro&#8221;, dijo Matuidi.<\/p>\n<p>El medio hizo estas declaraciones en una conferencia de prensa en la concentraci\u00f3n de Francia, que se medir\u00e1 a Bulgaria (7 de octubre en Sof\u00eda) y a Bielorrusia (10 de octubre en Saint-Denis) en encuentros valederos para el Mundial de 2018.<\/span><\/p>\n<p style=\"text-align: center;\"><span id=\"ctl14_lblMostra\"><span style=\"color: #333399;\"><a href=\"https:\/\/www.futboltotal.com.mx\/2017\/10\/la-carta-emotiva-cristiano-ronaldo-a-los-11-anos-decidi\/\">VER M\u00c1S: <span class=\"item-title\">La carta m\u00e1s emotiva de Cristiano Ronaldo: \u201cA los 11 a\u00f1os decid\u00ed\u2026\u201d<\/span><\/a><\/span><\/span><\/p>\n<p style=\"text-align: left;\"><span id=\"ctl14_lblMostra\"><span style=\"color: #333399;\"><\/span>Matuidi, que jug\u00f3 en el <strong>Par\u00eds Saint-Germain<\/strong> (PSG) hasta el pasado curso, cont\u00f3 que Mbapp\u00e9 ha sido el joven que m\u00e1s le ha impresionado en la selecci\u00f3n.<\/p>\n<p>&#8220;Para la edad que tiene es excepcional lo que hace. Es un jugador enorme. Es muy joven, pero da la impresi\u00f3n de tener ya 30 a\u00f1os&#8221;, agreg\u00f3.<\/p>\n<p>Mbapp\u00e9, que ha jugado seis veces con la selecci\u00f3n absoluta de Francia, ha formado en el Par\u00eds Saint-Germain uno de los tridentes ofensivos m\u00e1s temidos de Europa junto al brasile\u00f1o Neymar y el uruguayo Edinson Cavani.<\/span><\/p>\n<p style=\"text-align: center;\"><span style=\"color: #333399;\"><a href=\"https:\/\/www.futboltotal.com.mx\/2017\/10\/sergio-ramos-contesta-a-pique-presume-espana\/\">VER M\u00c1S: <span class=\"item-title\">Sergio Ramos contesta a Piqu\u00e9 y presume ser de Espa\u00f1a<\/span><\/a><\/span><\/p>\n","protected":false},"excerpt":{"rendered":"<p>El delantero franc\u00e9s ha deslumbrado desde su debut con el M\u00f3naco, y ahora en el PSG<\/p>\n","protected":false},"author":144,"featured_media":502792,"comment_status":"closed","ping_status":"closed","sticky":false,"template":"","format":"standard","meta":[],"categories":[7568,3839,9609],"tags":[8285,413,8525],"_links":{"self":[{"href":"http:\/\/desarrollo.grupomedios.com\/futbol\/wp-json\/wp\/v2\/posts\/502782"}],"collection":[{"href":"http:\/\/desarrollo.grupomedios.com\/futbol\/wp-json\/wp\/v2\/posts"}],"about":[{"href":"http:\/\/desarrollo.grupomedios.com\/futbol\/wp-json\/wp\/v2\/types\/post"}],"author":[{"embeddable":true,"href":"http:\/\/desarrollo.grupomedios.com\/futbol\/wp-json\/wp\/v2\/users\/144"}],"replies":[{"embeddable":true,"href":"http:\/\/desarrollo.grupomedios.com\/futbol\/wp-json\/wp\/v2\/comments?post=502782"}],"version-history":[{"count":1,"href":"http:\/\/desarrollo.grupomedios.com\/futbol\/wp-json\/wp\/v2\/posts\/502782\/revisions"}],"predecessor-version":[{"id":502793,"href":"http:\/\/desarrollo.grupomedios.com\/futbol\/wp-json\/wp\/v2\/posts\/502782\/revisions\/502793"}],"wp:featuredmedia":[{"embeddable":true,"href":"http:\/\/desarrollo.grupomedios.com\/futbol\/wp-json\/wp\/v2\/media\/502792"}],"wp:attachment":[{"href":"http:\/\/desarrollo.grupomedios.com\/futbol\/wp-json\/wp\/v2\/media?parent=502782"}],"wp:term":[{"taxonomy":"category","embeddable":true,"href":"http:\/\/desarrollo.grupomedios.com\/futbol\/wp-json\/wp\/v2\/categories?post=502782"},{"taxonomy":"post_tag","embeddable":true,"href":"http:\/\/desarrollo.grupomedios.com\/futbol\/wp-json\/wp\/v2\/tags?post=502782"}],"curies":[{"name":"wp","href":"https:\/\/api.w.org\/{rel}","templated":true}]}}