{"id":502817,"date":"2017-10-03T15:52:51","date_gmt":"2017-10-03T20:52:51","guid":{"rendered":"https:\/\/www.futboltotal.com.mx\/?p=502817"},"modified":"2017-10-03T15:53:59","modified_gmt":"2017-10-03T20:53:59","slug":"201710502817","status":"publish","type":"post","link":"http:\/\/desarrollo.grupomedios.com\/futbol\/futbol-mexicano\/201710502817\/2017\/10","title":{"rendered":"Los jerseys que ha utilizado el Tri en Mundiales"},"content":{"rendered":"<p>La <strong>Selecci\u00f3n Mexicana<\/strong> ya <span style=\"color: #333399;\"><a href=\"https:\/\/www.futboltotal.com.mx\/2017\/10\/confirmado-mexico-presentara-nuevo-jersey-mundialista-noviembre\/\" target=\"_blank\" rel=\"noopener\">tendr\u00eda oficialmente su indumentaria para el Mundial de <strong>Rusia 2018<\/strong><\/a><\/span><strong>,<\/strong> un nuevo dise\u00f1o que nos har\u00e1 recordar la historia que se escriba con \u00e9l.<\/p>\n<p>Por ello, es un buen momento para recordar las camisetas que han utilizado a lo largo de la historia en las Copas del Mundo:<\/p>\n<p style=\"text-align: center;\"><span style=\"color: #333399;\"><a href=\"https:\/\/www.futboltotal.com.mx\/2017\/10\/cesar-villaluz-desea-regresar-a-cruz-azul-hacerlo-campeon\/\" target=\"_blank\" rel=\"noopener\">VER M\u00c1S: C\u00e9sar Villaluz desea regresar y hacer campe\u00f3n a Cruz Azul<\/a><\/span><\/p>\n<h3>Uruguay &#8211; 1930<\/h3>\n<p>Para el primer mundial de la historia M\u00e9xico visti\u00f3 de guinda, con una camiseta que se abrochaba con agujetas y ten\u00edas las medias en negro y el pantaloncillo de mismo color.<\/p>\n<p><a href=\"https:\/\/www.futboltotal.com.mx\/wp-content\/uploads\/2017\/10\/uruguay-1930-1.jpg\"><img decoding=\"async\" loading=\"lazy\" class=\"alignnone size-full wp-image-502830\" src=\"https:\/\/www.futboltotal.com.mx\/wp-content\/uploads\/2017\/10\/uruguay-1930-1.jpg\" alt=\"Los jerseys que ha utilizado el Tri en Mundiales 0\" srcset=\"http:\/\/desarrollo.grupomedios.com\/futbol\/wp-content\/uploads\/2017\/10\/uruguay-1930-1.jpg 375w, http:\/\/desarrollo.grupomedios.com\/futbol\/wp-content\/uploads\/2017\/10\/uruguay-1930-1-225x300.jpg 225w\" sizes=\"(max-width: 375px) 100vw, 375px\" \/><\/a><\/p>\n<h3>Brasil &#8211; 1950 y Suiza &#8211; 1954<\/h3>\n<p>El Tri volvi\u00f3 a utilizar como color predominante el guinda; sin embargo en esta ocasi\u00f3n si era una camisa, pues se abrochaba con botones. Utilizaban un short y medias en azul. Result\u00f3 la misma indumentaria para dos mundiales, que en el pa\u00eds amaz\u00f3nico result\u00f3 un problema por el clima.<\/p>\n<p><a href=\"https:\/\/www.futboltotal.com.mx\/wp-content\/uploads\/2017\/10\/suiza-1954-1.png\"><img decoding=\"async\" loading=\"lazy\" class=\"alignnone size-full wp-image-502831\" src=\"https:\/\/www.futboltotal.com.mx\/wp-content\/uploads\/2017\/10\/suiza-1954-1.png\" alt=\"Los jerseys que ha utilizado el Tri en Mundiales 1\" srcset=\"http:\/\/desarrollo.grupomedios.com\/futbol\/wp-content\/uploads\/2017\/10\/suiza-1954-1.png 500w, http:\/\/desarrollo.grupomedios.com\/futbol\/wp-content\/uploads\/2017\/10\/suiza-1954-1-300x276.png 300w\" sizes=\"(max-width: 500px) 100vw, 500px\" \/><\/a><\/p>\n<h3>Suecia &#8211; 1958<\/h3>\n<p>Esta fue la primera ocasi\u00f3n en que el Tri utiliz\u00f3 el color verde que se ha mantenido hasta ahora, el cual sirvi\u00f3 para lograr que el equipo se identificara directamente con el pa\u00eds y la afici\u00f3n.<\/p>\n<p><a href=\"https:\/\/www.futboltotal.com.mx\/wp-content\/uploads\/2017\/10\/suecia-1958.jpg\"><img decoding=\"async\" loading=\"lazy\" class=\"alignnone size-full wp-image-502833\" src=\"https:\/\/www.futboltotal.com.mx\/wp-content\/uploads\/2017\/10\/suecia-1958.jpg\" alt=\"Los jerseys que ha utilizado el Tri en Mundiales 2\" srcset=\"http:\/\/desarrollo.grupomedios.com\/futbol\/wp-content\/uploads\/2017\/10\/suecia-1958.jpg 964w, http:\/\/desarrollo.grupomedios.com\/futbol\/wp-content\/uploads\/2017\/10\/suecia-1958-300x219.jpg 300w, http:\/\/desarrollo.grupomedios.com\/futbol\/wp-content\/uploads\/2017\/10\/suecia-1958-768x561.jpg 768w\" sizes=\"(max-width: 964px) 100vw, 964px\" \/><\/a><\/p>\n<h3>Chile &#8211; 1962 e Inglaterra &#8211; 1966<\/h3>\n<p>M\u00e9xico se mantuvo con la camiseta verde, tal como lo hace hasta hoy. Pero entre estos dos mundiales apareci\u00f3 una indumentaria en guinda con manga larga, una que no se ver\u00eda de nuevo.<\/p>\n<p><a href=\"https:\/\/www.futboltotal.com.mx\/wp-content\/uploads\/2017\/10\/inglaterra-1966.jpg\"><img decoding=\"async\" loading=\"lazy\" class=\"alignnone size-full wp-image-502834\" src=\"https:\/\/www.futboltotal.com.mx\/wp-content\/uploads\/2017\/10\/inglaterra-1966.jpg\" alt=\"Los jerseys que ha utilizado el Tri en Mundiales 3\" srcset=\"http:\/\/desarrollo.grupomedios.com\/futbol\/wp-content\/uploads\/2017\/10\/inglaterra-1966.jpg 600w, http:\/\/desarrollo.grupomedios.com\/futbol\/wp-content\/uploads\/2017\/10\/inglaterra-1966-300x180.jpg 300w\" sizes=\"(max-width: 600px) 100vw, 600px\" \/><\/a><\/p>\n<h3>M\u00e9xico &#8211; 1970<\/h3>\n<p>El Tri realiz\u00f3 una versi\u00f3n muy similar con la camiseta verde, simplemente agregaba peque\u00f1os contornos entre el cuello y mangas de color rojo.<\/p>\n<p><a href=\"https:\/\/www.futboltotal.com.mx\/wp-content\/uploads\/2017\/10\/Me\u0301xico-1970.jpg\"><img decoding=\"async\" loading=\"lazy\" class=\"alignnone size-full wp-image-502835\" src=\"https:\/\/www.futboltotal.com.mx\/wp-content\/uploads\/2017\/10\/Me\u0301xico-1970.jpg\" alt=\"Los jerseys que ha utilizado el Tri en Mundiales 4\" srcset=\"http:\/\/desarrollo.grupomedios.com\/futbol\/wp-content\/uploads\/2017\/10\/Me\u0301xico-1970.jpg 926w, http:\/\/desarrollo.grupomedios.com\/futbol\/wp-content\/uploads\/2017\/10\/Me\u0301xico-1970-300x212.jpg 300w, http:\/\/desarrollo.grupomedios.com\/futbol\/wp-content\/uploads\/2017\/10\/Me\u0301xico-1970-768x542.jpg 768w\" sizes=\"(max-width: 926px) 100vw, 926px\" \/><\/a><\/p>\n<h3>Argentina &#8211; 1978<\/h3>\n<p>Levi&#8217;s se encarg\u00f3 de vestir a M\u00e9xico y lo hizo con la tradicional camiseta en verde y el escudo mostrando ciertos cambios. Sin embargo, el uniforme alternativo fue en blanco con dos franjas verticales en el medio en color rojo y verde, adem\u00e1s del short en rojo, hecho que en ese momento fue \u00fanico.<\/p>\n<p><a href=\"https:\/\/www.futboltotal.com.mx\/wp-content\/uploads\/2017\/10\/argentina-1978.jpg\"><img decoding=\"async\" loading=\"lazy\" class=\"alignnone size-full wp-image-502836\" src=\"https:\/\/www.futboltotal.com.mx\/wp-content\/uploads\/2017\/10\/argentina-1978.jpg\" alt=\"Los jerseys que ha utilizado el Tri en Mundiales 5\" srcset=\"http:\/\/desarrollo.grupomedios.com\/futbol\/wp-content\/uploads\/2017\/10\/argentina-1978.jpg 600w, http:\/\/desarrollo.grupomedios.com\/futbol\/wp-content\/uploads\/2017\/10\/argentina-1978-300x180.jpg 300w\" sizes=\"(max-width: 600px) 100vw, 600px\" \/><\/a><\/p>\n<h3>M\u00e9xico &#8211; 1986<\/h3>\n<p>El Tri cambi\u00f3 de patrocinador y Adidas visti\u00f3 a la selecci\u00f3n, manteniendo el dise\u00f1o en verde, teniendo las cl\u00e1sicas tres l\u00edneas de la marca y con un escudo m\u00e1s estilizado.<\/p>\n<p><a href=\"https:\/\/www.futboltotal.com.mx\/wp-content\/uploads\/2017\/10\/Me\u0301xico-1986.jpg\"><img decoding=\"async\" loading=\"lazy\" class=\"alignnone size-full wp-image-502839\" src=\"https:\/\/www.futboltotal.com.mx\/wp-content\/uploads\/2017\/10\/Me\u0301xico-1986.jpg\" alt=\"Los jerseys que ha utilizado el Tri en Mundiales 6\" srcset=\"http:\/\/desarrollo.grupomedios.com\/futbol\/wp-content\/uploads\/2017\/10\/Me\u0301xico-1986.jpg 400w, http:\/\/desarrollo.grupomedios.com\/futbol\/wp-content\/uploads\/2017\/10\/Me\u0301xico-1986-300x250.jpg 300w\" sizes=\"(max-width: 400px) 100vw, 400px\" \/><\/a><\/p>\n<h3>USA &#8211; 1994<\/h3>\n<p>M\u00e9xico volvi\u00f3 a cambiar de patrocinador y mantuvieron el verde como predominante, el escudo m\u00e1s parecido al que se puede ver hoy. EL jersey alternativo fue muy criticado.<\/p>\n<p><a href=\"https:\/\/www.futboltotal.com.mx\/wp-content\/uploads\/2017\/10\/usa-1994.jpg\"><img decoding=\"async\" loading=\"lazy\" class=\"alignnone size-full wp-image-502841\" src=\"https:\/\/www.futboltotal.com.mx\/wp-content\/uploads\/2017\/10\/usa-1994.jpg\" alt=\"Los jerseys que ha utilizado el Tri en Mundiales 7\" srcset=\"http:\/\/desarrollo.grupomedios.com\/futbol\/wp-content\/uploads\/2017\/10\/usa-1994.jpg 900w, http:\/\/desarrollo.grupomedios.com\/futbol\/wp-content\/uploads\/2017\/10\/usa-1994-300x183.jpg 300w, http:\/\/desarrollo.grupomedios.com\/futbol\/wp-content\/uploads\/2017\/10\/usa-1994-768x469.jpg 768w\" sizes=\"(max-width: 900px) 100vw, 900px\" \/><\/a><\/p>\n<h3>Francia &#8211; 1998<\/h3>\n<p>Tri fue uniformado por\u00a0Aba Sport y con ello uno de los m\u00e1s emblem\u00e1ticos con el verde predominando pero en el pecho el calendario azteca, muy representativo del pa\u00eds.<\/p>\n<p><a href=\"https:\/\/www.futboltotal.com.mx\/wp-content\/uploads\/2017\/10\/francia-98.jpg\"><img decoding=\"async\" loading=\"lazy\" class=\"alignnone size-full wp-image-502842\" src=\"https:\/\/www.futboltotal.com.mx\/wp-content\/uploads\/2017\/10\/francia-98.jpg\" alt=\"Los jerseys que ha utilizado el Tri en Mundiales 8\" srcset=\"http:\/\/desarrollo.grupomedios.com\/futbol\/wp-content\/uploads\/2017\/10\/francia-98.jpg 650w, http:\/\/desarrollo.grupomedios.com\/futbol\/wp-content\/uploads\/2017\/10\/francia-98-300x169.jpg 300w, http:\/\/desarrollo.grupomedios.com\/futbol\/wp-content\/uploads\/2017\/10\/francia-98-393x221.jpg 393w\" sizes=\"(max-width: 650px) 100vw, 650px\" \/><\/a><\/p>\n<h3>Corea y Jap\u00f3n &#8211; 2002<\/h3>\n<p>En este mundial se pudo ver un nuevo cambio de marca y fue Atl\u00e9tica la encargada de patrocinar al Tri, que mantuvo el color verde un poco m\u00e1s oscuro y sobrio en su dise\u00f1o, En cuanto a la de visita regres\u00f3 despu\u00e9s de muchos a\u00f1os el color vino.<\/p>\n<p><a href=\"https:\/\/www.futboltotal.com.mx\/wp-content\/uploads\/2017\/10\/corea-japon-2002.jpg\"><img decoding=\"async\" loading=\"lazy\" class=\"alignnone size-full wp-image-502845\" src=\"https:\/\/www.futboltotal.com.mx\/wp-content\/uploads\/2017\/10\/corea-japon-2002.jpg\" alt=\"Los jerseys que ha utilizado el Tri en Mundiales 9\" srcset=\"http:\/\/desarrollo.grupomedios.com\/futbol\/wp-content\/uploads\/2017\/10\/corea-japon-2002.jpg 800w, http:\/\/desarrollo.grupomedios.com\/futbol\/wp-content\/uploads\/2017\/10\/corea-japon-2002-300x187.jpg 300w, http:\/\/desarrollo.grupomedios.com\/futbol\/wp-content\/uploads\/2017\/10\/corea-japon-2002-768x479.jpg 768w\" sizes=\"(max-width: 800px) 100vw, 800px\" \/><\/a><\/p>\n<h3>Alemania &#8211; 2006<\/h3>\n<p>M\u00e9xico fue vestido por Nike, quien mantuvo el verde pero le coloc\u00f3 una l\u00ednea en &#8216;V&#8217; en color blanco que pasaba por todo el pecho en horizontal. El alternativo era pr\u00e1cticamente igual pero con la franja en verde y la camiseta en blanco.<\/p>\n<p><a href=\"https:\/\/www.futboltotal.com.mx\/wp-content\/uploads\/2017\/10\/alemania-2006.jpg\"><img decoding=\"async\" loading=\"lazy\" class=\"alignnone size-full wp-image-502844\" src=\"https:\/\/www.futboltotal.com.mx\/wp-content\/uploads\/2017\/10\/alemania-2006.jpg\" alt=\"Los jerseys que ha utilizado el Tri en Mundiales 10\" srcset=\"http:\/\/desarrollo.grupomedios.com\/futbol\/wp-content\/uploads\/2017\/10\/alemania-2006.jpg 500w, http:\/\/desarrollo.grupomedios.com\/futbol\/wp-content\/uploads\/2017\/10\/alemania-2006-300x194.jpg 300w\" sizes=\"(max-width: 500px) 100vw, 500px\" \/><\/a><\/p>\n<h3>Sud\u00e1frica &#8211; 2010<\/h3>\n<p>El cambio a Adidas signific\u00f3 muy pocos cambios para el tri, mantuvieron el verde como el color predominante y solo ten\u00eda peque\u00f1as grecas que hac\u00edan resaltar la indumentaria. El alternativo result\u00f3 una sorpresa al ser en negro.<\/p>\n<p><a href=\"https:\/\/www.futboltotal.com.mx\/wp-content\/uploads\/2017\/10\/sudafrica-2010.jpg\"><img decoding=\"async\" loading=\"lazy\" class=\"alignnone size-full wp-image-502846\" src=\"https:\/\/www.futboltotal.com.mx\/wp-content\/uploads\/2017\/10\/sudafrica-2010.jpg\" alt=\"Los jerseys que ha utilizado el Tri en Mundiales 11\" srcset=\"http:\/\/desarrollo.grupomedios.com\/futbol\/wp-content\/uploads\/2017\/10\/sudafrica-2010.jpg 441w, http:\/\/desarrollo.grupomedios.com\/futbol\/wp-content\/uploads\/2017\/10\/sudafrica-2010-221x300.jpg 221w\" sizes=\"(max-width: 441px) 100vw, 441px\" \/><\/a><\/p>\n<h3>Brasil &#8211; 2014<\/h3>\n<p>Para este mundial ya se mantuvo Adidas como patrocinador del Tri y de igual manera el verde siempre ha sido la constante, algunas l\u00edneas en las mangas y en el pecho. En el alternativo se utiliz\u00f3 un rojo con negro que muy criticado.<\/p>\n<p>&nbsp;<\/p>\n<p><a href=\"https:\/\/www.futboltotal.com.mx\/wp-content\/uploads\/2017\/10\/brasil-2014.jpg\"><img decoding=\"async\" loading=\"lazy\" class=\"alignnone size-full wp-image-502848\" src=\"https:\/\/www.futboltotal.com.mx\/wp-content\/uploads\/2017\/10\/brasil-2014.jpg\" alt=\"Los jerseys que ha utilizado el Tri en Mundiales 12\" srcset=\"http:\/\/desarrollo.grupomedios.com\/futbol\/wp-content\/uploads\/2017\/10\/brasil-2014.jpg 800w, http:\/\/desarrollo.grupomedios.com\/futbol\/wp-content\/uploads\/2017\/10\/brasil-2014-300x200.jpg 300w, http:\/\/desarrollo.grupomedios.com\/futbol\/wp-content\/uploads\/2017\/10\/brasil-2014-768x513.jpg 768w\" sizes=\"(max-width: 800px) 100vw, 800px\" \/><\/a><\/p>\n<p style=\"text-align: center;\"><span style=\"color: #333399;\"><a href=\"https:\/\/www.futboltotal.com.mx\/2017\/10\/201710zlatan-cumple-anos-y-festejamos-con-10-de-sus-mejores-goles\/\" target=\"_blank\" rel=\"noopener\">VER M\u00c1S: Zlatan cumple a\u00f1os y festejamos con 10 de sus mejores goles<\/a><\/span><\/p>\n","protected":false},"excerpt":{"rendered":"<p>En el Tri ha predominado el verde en la mayor\u00eda de sus indumentarias<\/p>\n","protected":false},"author":20,"featured_media":502849,"comment_status":"closed","ping_status":"closed","sticky":false,"template":"","format":"standard","meta":[],"categories":[2198,3847],"tags":[1624,65,409],"_links":{"self":[{"href":"http:\/\/desarrollo.grupomedios.com\/futbol\/wp-json\/wp\/v2\/posts\/502817"}],"collection":[{"href":"http:\/\/desarrollo.grupomedios.com\/futbol\/wp-json\/wp\/v2\/posts"}],"about":[{"href":"http:\/\/desarrollo.grupomedios.com\/futbol\/wp-json\/wp\/v2\/types\/post"}],"author":[{"embeddable":true,"href":"http:\/\/desarrollo.grupomedios.com\/futbol\/wp-json\/wp\/v2\/users\/20"}],"replies":[{"embeddable":true,"href":"http:\/\/desarrollo.grupomedios.com\/futbol\/wp-json\/wp\/v2\/comments?post=502817"}],"version-history":[{"count":3,"href":"http:\/\/desarrollo.grupomedios.com\/futbol\/wp-json\/wp\/v2\/posts\/502817\/revisions"}],"predecessor-version":[{"id":502850,"href":"http:\/\/desarrollo.grupomedios.com\/futbol\/wp-json\/wp\/v2\/posts\/502817\/revisions\/502850"}],"wp:featuredmedia":[{"embeddable":true,"href":"http:\/\/desarrollo.grupomedios.com\/futbol\/wp-json\/wp\/v2\/media\/502849"}],"wp:attachment":[{"href":"http:\/\/desarrollo.grupomedios.com\/futbol\/wp-json\/wp\/v2\/media?parent=502817"}],"wp:term":[{"taxonomy":"category","embeddable":true,"href":"http:\/\/desarrollo.grupomedios.com\/futbol\/wp-json\/wp\/v2\/categories?post=502817"},{"taxonomy":"post_tag","embeddable":true,"href":"http:\/\/desarrollo.grupomedios.com\/futbol\/wp-json\/wp\/v2\/tags?post=502817"}],"curies":[{"name":"wp","href":"https:\/\/api.w.org\/{rel}","templated":true}]}}