{"id":502818,"date":"2017-10-03T14:58:45","date_gmt":"2017-10-03T19:58:45","guid":{"rendered":"https:\/\/www.futboltotal.com.mx\/?p=502818"},"modified":"2017-10-03T14:58:45","modified_gmt":"2017-10-03T19:58:45","slug":"asi-fue-la-patada-dejo-a-jugador-sin-testiculo","status":"publish","type":"post","link":"http:\/\/desarrollo.grupomedios.com\/futbol\/futbol-internacional\/asi-fue-la-patada-dejo-a-jugador-sin-testiculo\/2017\/10","title":{"rendered":"As\u00ed fue la patada que dej\u00f3 a un jugador sin test\u00edculo"},"content":{"rendered":"<p>El jugador bosnio, <strong>Marin Galic<\/strong>, fue el blanco dentro del futbol de su pa\u00eds luego de que durante un partido recibiera una tremenda patada que lo hizo perder uno de sus test\u00edculos.<\/p>\n<p>Durante el partido de la <strong>Copa de Bosnia-Herzegovina<\/strong>, el lateral derecho del <strong>Zrinjski Mostin<\/strong> se fue al ataque, pero el jugador del FC Sloga se vio superado y se barri\u00f3 duramente por la espalda.<\/p>\n<p style=\"text-align: center;\"><span style=\"color: #3366ff;\"><a href=\"https:\/\/www.futboltotal.com.mx\/2017\/10\/en-san-lorenzo-aceptan-les-gusta-matias-almeyda\/\">VER M\u00c1S: En San Lorenzo aceptan que les gusta Mat\u00edas Almeyda<\/a><\/span><\/p>\n<p><iframe loading=\"lazy\" src=\"https:\/\/www.youtube.com\/embed\/iO6F9tCXesc?feature=oembed\" frameborder=\"0\" allowfullscreen><\/iframe><\/p>\n<p>El \u00e1rbitro dej\u00f3 seguir las acciones con la esperanza de que el dolor pasara y se incorporara a la acci\u00f3n, pero para mala fortuna del futbolista, tuvo que ser sometido a cirug\u00eda y se le extirp\u00f3 la gl\u00e1ndula sexual.<\/p>\n","protected":false},"excerpt":{"rendered":"<p>El jugador recibi\u00f3 una entrada artera por parte de su rival.<\/p>\n","protected":false},"author":20,"featured_media":502819,"comment_status":"closed","ping_status":"closed","sticky":false,"template":"","format":"standard","meta":[],"categories":[5419,3839],"tags":[5460,6214],"_links":{"self":[{"href":"http:\/\/desarrollo.grupomedios.com\/futbol\/wp-json\/wp\/v2\/posts\/502818"}],"collection":[{"href":"http:\/\/desarrollo.grupomedios.com\/futbol\/wp-json\/wp\/v2\/posts"}],"about":[{"href":"http:\/\/desarrollo.grupomedios.com\/futbol\/wp-json\/wp\/v2\/types\/post"}],"author":[{"embeddable":true,"href":"http:\/\/desarrollo.grupomedios.com\/futbol\/wp-json\/wp\/v2\/users\/20"}],"replies":[{"embeddable":true,"href":"http:\/\/desarrollo.grupomedios.com\/futbol\/wp-json\/wp\/v2\/comments?post=502818"}],"version-history":[{"count":1,"href":"http:\/\/desarrollo.grupomedios.com\/futbol\/wp-json\/wp\/v2\/posts\/502818\/revisions"}],"predecessor-version":[{"id":502820,"href":"http:\/\/desarrollo.grupomedios.com\/futbol\/wp-json\/wp\/v2\/posts\/502818\/revisions\/502820"}],"wp:featuredmedia":[{"embeddable":true,"href":"http:\/\/desarrollo.grupomedios.com\/futbol\/wp-json\/wp\/v2\/media\/502819"}],"wp:attachment":[{"href":"http:\/\/desarrollo.grupomedios.com\/futbol\/wp-json\/wp\/v2\/media?parent=502818"}],"wp:term":[{"taxonomy":"category","embeddable":true,"href":"http:\/\/desarrollo.grupomedios.com\/futbol\/wp-json\/wp\/v2\/categories?post=502818"},{"taxonomy":"post_tag","embeddable":true,"href":"http:\/\/desarrollo.grupomedios.com\/futbol\/wp-json\/wp\/v2\/tags?post=502818"}],"curies":[{"name":"wp","href":"https:\/\/api.w.org\/{rel}","templated":true}]}}