{"id":502870,"date":"2017-10-03T16:56:26","date_gmt":"2017-10-03T21:56:26","guid":{"rendered":"https:\/\/www.futboltotal.com.mx\/?p=502870"},"modified":"2017-10-03T16:56:26","modified_gmt":"2017-10-03T21:56:26","slug":"corona-asegura-cruz-azul-puede-detener-al-america","status":"publish","type":"post","link":"http:\/\/desarrollo.grupomedios.com\/futbol\/futbol-mexicano\/corona-asegura-cruz-azul-puede-detener-al-america\/2017\/10","title":{"rendered":"Corona asegura que Cruz Azul puede detener al Am\u00e9rica"},"content":{"rendered":"<p>Pese que faltan un par de semanas para que se reanude la <strong>Liga MX<\/strong> debido a los partidos eliminatorios rumbo a la Copa del Mundo de Rusia 2018, el portero de <strong>Cruz Azul<\/strong>, <strong>Jos\u00e9 de Jes\u00fas Corona<\/strong>, no deja de lado el partido donde enfrentar\u00e1 al <strong>Am\u00e9rica<\/strong>.<\/p>\n<p>El pr\u00f3ximo 14 de octubre, la <em>M\u00e1quina<\/em> recibir\u00e1 a las <em>\u00c1guilas<\/em> en la cancha del estadio Azul y Chuy tiene claro c\u00f3mo deben de jugar respecto al equipo dirigido por Miguel Herrera.<\/p>\n<p style=\"text-align: center;\"><span style=\"color: #3366ff;\"><a href=\"https:\/\/www.futboltotal.com.mx\/2017\/10\/chucky-lozano-luce-nuevo-en-once-ideal-la-eredivisie\/\">VER M\u00c1S: &#8216;Chucky\u2019 Lozano luce de nuevo en el once ideal de la Eredivisie<\/a><\/span><\/p>\n<p>\u201cTenemos con qu\u00e9 competirle, es importante hacerlo ver y lo sentimos de esa manera. Tenemos un equipo muy equilibrado con jugadores importantes que est\u00e1n comprometidos con la idea de juego de J\u00e9mez y eso es algo para resaltar, el compromiso que muestra nuestro entrenador&#8221;, dijo.<\/p>\n<p>\u201cSer\u00eda muy importante. Se debe seguir por esa misma l\u00ednea del esfuerzo, del trabajo, de la dedicaci\u00f3n y con base en ello vamos a sacar resultados positivos, m\u00e1s contra un rival que representa bastante para las aficiones, para las instituciones y uno tambi\u00e9n lo vive intensamente\u201d.<\/p>\n<p><strong>Corona<\/strong> sabe que tanto la derrota frente a Pachuca como la goleada frente a Pumas el fin de semana pasado, no es reflejo de que <strong>Cruz Azul<\/strong> est\u00e1 al 100 %, pide tranquilidad.<\/p>\n","protected":false},"excerpt":{"rendered":"<p>El portero cementero no deja de lado el partido ante las \u00c1guilas.<\/p>\n","protected":false},"author":20,"featured_media":491463,"comment_status":"closed","ping_status":"closed","sticky":false,"template":"","format":"standard","meta":[],"categories":[2198,3845],"tags":[5959,5962,5443,64],"_links":{"self":[{"href":"http:\/\/desarrollo.grupomedios.com\/futbol\/wp-json\/wp\/v2\/posts\/502870"}],"collection":[{"href":"http:\/\/desarrollo.grupomedios.com\/futbol\/wp-json\/wp\/v2\/posts"}],"about":[{"href":"http:\/\/desarrollo.grupomedios.com\/futbol\/wp-json\/wp\/v2\/types\/post"}],"author":[{"embeddable":true,"href":"http:\/\/desarrollo.grupomedios.com\/futbol\/wp-json\/wp\/v2\/users\/20"}],"replies":[{"embeddable":true,"href":"http:\/\/desarrollo.grupomedios.com\/futbol\/wp-json\/wp\/v2\/comments?post=502870"}],"version-history":[{"count":1,"href":"http:\/\/desarrollo.grupomedios.com\/futbol\/wp-json\/wp\/v2\/posts\/502870\/revisions"}],"predecessor-version":[{"id":502871,"href":"http:\/\/desarrollo.grupomedios.com\/futbol\/wp-json\/wp\/v2\/posts\/502870\/revisions\/502871"}],"wp:featuredmedia":[{"embeddable":true,"href":"http:\/\/desarrollo.grupomedios.com\/futbol\/wp-json\/wp\/v2\/media\/491463"}],"wp:attachment":[{"href":"http:\/\/desarrollo.grupomedios.com\/futbol\/wp-json\/wp\/v2\/media?parent=502870"}],"wp:term":[{"taxonomy":"category","embeddable":true,"href":"http:\/\/desarrollo.grupomedios.com\/futbol\/wp-json\/wp\/v2\/categories?post=502870"},{"taxonomy":"post_tag","embeddable":true,"href":"http:\/\/desarrollo.grupomedios.com\/futbol\/wp-json\/wp\/v2\/tags?post=502870"}],"curies":[{"name":"wp","href":"https:\/\/api.w.org\/{rel}","templated":true}]}}