{"id":502873,"date":"2017-10-03T17:39:20","date_gmt":"2017-10-03T22:39:20","guid":{"rendered":"https:\/\/www.futboltotal.com.mx\/?p=502873"},"modified":"2017-10-12T11:56:22","modified_gmt":"2017-10-12T16:56:22","slug":"sergio-egea-dejaria-a-los-pumas","status":"publish","type":"post","link":"http:\/\/desarrollo.grupomedios.com\/futbol\/futbol-mexicano\/sergio-egea-dejaria-a-los-pumas\/2017\/10","title":{"rendered":"Sergio Egea dejar\u00eda a los Pumas"},"content":{"rendered":"<p><strong>Sergio Egea<\/strong> ha puesto su renuncia en la mesa directiva de los <strong>Pumas<\/strong>, despu\u00e9s de los malos resultados que ha tenido al frente de los universitarios.<\/p>\n<p>La &#8220;gota que derram\u00f3 el vaso&#8221; del estratega fue la goleada en contra que tuvieron los auriazules por 1-4 ante cruz Azul en La Corregidora.<\/p>\n<p style=\"text-align: center;\"><span style=\"color: #333399;\"><a href=\"https:\/\/www.futboltotal.com.mx\/2017\/10\/corona-asegura-cruz-azul-puede-detener-al-america\/\">VER M\u00c1S: <span class=\"item-title\">Corona asegura que Cruz Azul puede detener al Am\u00e9rica<\/span><\/a><\/span><\/p>\n<p>Egea present\u00f3 su renuncia como DT de los universitarios; sin embargo, informaci\u00f3n de la cadena <em>ESPN<\/em> se\u00f1ala que la directiva encabezada por Rodrigo Ares de Parga no la acept\u00f3.<\/p>\n<p>La situaci\u00f3n no ha quedado ah\u00ed, sino que Sergio Egea ya se habr\u00eda despedido de los futbolistas. \u00bfQu\u00e9 va a pasar, dejar\u00e1 Egea a los Pumas?<\/p>\n<p style=\"text-align: center;\"><span style=\"color: #333399;\"><a href=\"https:\/\/www.futboltotal.com.mx\/2017\/10\/los-jugadores-reciben-faltas-en-apertura-2017\/\">VER M\u00c1S: <span class=\"item-title\">Los jugadores que m\u00e1s reciben faltas en el Apertura 2017<\/span><\/a><\/span><\/p>\n","protected":false},"excerpt":{"rendered":"<p>La directiva no acept\u00f3 la renuncia del DT, pero \u00e9l ya se habr\u00eda despedido de los jugadores<\/p>\n","protected":false},"author":20,"featured_media":502874,"comment_status":"closed","ping_status":"closed","sticky":false,"template":"","format":"standard","meta":[],"categories":[2198,3845],"tags":[74,2491],"_links":{"self":[{"href":"http:\/\/desarrollo.grupomedios.com\/futbol\/wp-json\/wp\/v2\/posts\/502873"}],"collection":[{"href":"http:\/\/desarrollo.grupomedios.com\/futbol\/wp-json\/wp\/v2\/posts"}],"about":[{"href":"http:\/\/desarrollo.grupomedios.com\/futbol\/wp-json\/wp\/v2\/types\/post"}],"author":[{"embeddable":true,"href":"http:\/\/desarrollo.grupomedios.com\/futbol\/wp-json\/wp\/v2\/users\/20"}],"replies":[{"embeddable":true,"href":"http:\/\/desarrollo.grupomedios.com\/futbol\/wp-json\/wp\/v2\/comments?post=502873"}],"version-history":[{"count":1,"href":"http:\/\/desarrollo.grupomedios.com\/futbol\/wp-json\/wp\/v2\/posts\/502873\/revisions"}],"predecessor-version":[{"id":502875,"href":"http:\/\/desarrollo.grupomedios.com\/futbol\/wp-json\/wp\/v2\/posts\/502873\/revisions\/502875"}],"wp:featuredmedia":[{"embeddable":true,"href":"http:\/\/desarrollo.grupomedios.com\/futbol\/wp-json\/wp\/v2\/media\/502874"}],"wp:attachment":[{"href":"http:\/\/desarrollo.grupomedios.com\/futbol\/wp-json\/wp\/v2\/media?parent=502873"}],"wp:term":[{"taxonomy":"category","embeddable":true,"href":"http:\/\/desarrollo.grupomedios.com\/futbol\/wp-json\/wp\/v2\/categories?post=502873"},{"taxonomy":"post_tag","embeddable":true,"href":"http:\/\/desarrollo.grupomedios.com\/futbol\/wp-json\/wp\/v2\/tags?post=502873"}],"curies":[{"name":"wp","href":"https:\/\/api.w.org\/{rel}","templated":true}]}}