{"id":502884,"date":"2017-10-03T20:25:13","date_gmt":"2017-10-04T01:25:13","guid":{"rendered":"https:\/\/www.futboltotal.com.mx\/?p=502884"},"modified":"2017-10-03T20:25:13","modified_gmt":"2017-10-04T01:25:13","slug":"pulido-en-carrito-electrico-compras-tras-dura-entrada-hugo-ayala","status":"publish","type":"post","link":"http:\/\/desarrollo.grupomedios.com\/futbol\/futbol-mexicano\/pulido-en-carrito-electrico-compras-tras-dura-entrada-hugo-ayala\/2017\/10","title":{"rendered":"Pulido, en &#8220;carrito electrico&#8221; de compras tras dura entrada de Hugo Ayala"},"content":{"rendered":"<p><strong>Alan Pulido<\/strong> tuvo que ir de compras en &#8220;carrito el\u00e9ctrico&#8221; despu\u00e9s de que su pie no ha quedado en buenas condiciones debido a la falta que le dio <strong>Hugo Ayala<\/strong>.<\/p>\n<p><a href=\"https:\/\/www.futboltotal.com.mx\/wp-content\/uploads\/2017\/10\/carrito.jpg\"><img decoding=\"async\" loading=\"lazy\" class=\"alignnone size-full wp-image-502890\" src=\"https:\/\/www.futboltotal.com.mx\/wp-content\/uploads\/2017\/10\/carrito.jpg\" alt=\"Pulido, en &#8220;carrito electrico&#8221; de compras tras dura entrada de Hugo Ayala 0\" srcset=\"http:\/\/desarrollo.grupomedios.com\/futbol\/wp-content\/uploads\/2017\/10\/carrito.jpg 480w, http:\/\/desarrollo.grupomedios.com\/futbol\/wp-content\/uploads\/2017\/10\/carrito-169x300.jpg 169w\" sizes=\"(max-width: 480px) 100vw, 480px\" \/><\/a><\/p>\n<p>La acci\u00f3n que provoc\u00f3 la salida del delantero rojiblanco en su duelo contra Tigres le ha provocado una gran inflamaci\u00f3n que no ha bajado en estos d\u00edas del todo.<\/p>\n<p><a href=\"https:\/\/www.futboltotal.com.mx\/wp-content\/uploads\/2017\/10\/pulido.jpg\"><img decoding=\"async\" loading=\"lazy\" class=\"alignnone size-full wp-image-502889\" src=\"https:\/\/www.futboltotal.com.mx\/wp-content\/uploads\/2017\/10\/pulido.jpg\" alt=\"Pulido, en &#8220;carrito electrico&#8221; de compras tras dura entrada de Hugo Ayala 1\" srcset=\"http:\/\/desarrollo.grupomedios.com\/futbol\/wp-content\/uploads\/2017\/10\/pulido.jpg 480w, http:\/\/desarrollo.grupomedios.com\/futbol\/wp-content\/uploads\/2017\/10\/pulido-169x300.jpg 169w\" sizes=\"(max-width: 480px) 100vw, 480px\" \/><\/a><\/p>\n","protected":false},"excerpt":{"rendered":"<p>El delantero rojiblanco fue v\u00edctima de una f\u00e9rrea entrada del zaguero de Tigres<\/p>\n","protected":false},"author":20,"featured_media":502888,"comment_status":"closed","ping_status":"closed","sticky":false,"template":"","format":"standard","meta":[],"categories":[2198,3845],"tags":[1607,70,5973],"_links":{"self":[{"href":"http:\/\/desarrollo.grupomedios.com\/futbol\/wp-json\/wp\/v2\/posts\/502884"}],"collection":[{"href":"http:\/\/desarrollo.grupomedios.com\/futbol\/wp-json\/wp\/v2\/posts"}],"about":[{"href":"http:\/\/desarrollo.grupomedios.com\/futbol\/wp-json\/wp\/v2\/types\/post"}],"author":[{"embeddable":true,"href":"http:\/\/desarrollo.grupomedios.com\/futbol\/wp-json\/wp\/v2\/users\/20"}],"replies":[{"embeddable":true,"href":"http:\/\/desarrollo.grupomedios.com\/futbol\/wp-json\/wp\/v2\/comments?post=502884"}],"version-history":[{"count":1,"href":"http:\/\/desarrollo.grupomedios.com\/futbol\/wp-json\/wp\/v2\/posts\/502884\/revisions"}],"predecessor-version":[{"id":502891,"href":"http:\/\/desarrollo.grupomedios.com\/futbol\/wp-json\/wp\/v2\/posts\/502884\/revisions\/502891"}],"wp:featuredmedia":[{"embeddable":true,"href":"http:\/\/desarrollo.grupomedios.com\/futbol\/wp-json\/wp\/v2\/media\/502888"}],"wp:attachment":[{"href":"http:\/\/desarrollo.grupomedios.com\/futbol\/wp-json\/wp\/v2\/media?parent=502884"}],"wp:term":[{"taxonomy":"category","embeddable":true,"href":"http:\/\/desarrollo.grupomedios.com\/futbol\/wp-json\/wp\/v2\/categories?post=502884"},{"taxonomy":"post_tag","embeddable":true,"href":"http:\/\/desarrollo.grupomedios.com\/futbol\/wp-json\/wp\/v2\/tags?post=502884"}],"curies":[{"name":"wp","href":"https:\/\/api.w.org\/{rel}","templated":true}]}}