{"id":502895,"date":"2017-10-03T21:22:31","date_gmt":"2017-10-04T02:22:31","guid":{"rendered":"https:\/\/www.futboltotal.com.mx\/?p=502895"},"modified":"2017-10-12T11:51:35","modified_gmt":"2017-10-12T16:51:35","slug":"201710david-patino-nuevo-tecnico-los-pumas","status":"publish","type":"post","link":"http:\/\/desarrollo.grupomedios.com\/futbol\/destacado-home\/201710david-patino-nuevo-tecnico-los-pumas\/2017\/10","title":{"rendered":"David Pati\u00f1o, nuevo t\u00e9cnico de los Pumas"},"content":{"rendered":"<p><strong>David Pati\u00f1o<\/strong> ha sido elegido como el nuevo entrenador interino de los <strong>Pumas<\/strong> para dirigir el resto del <strong>Apertura 2017<\/strong>.<\/p>\n<p>Pati\u00f1o ha sido parte de la escuadra universitaria por varios a\u00f1os, y ha estado al frente de las fuerzas inferiores de los auriazules, incluso siendo parte del cuerpo t\u00e9cnico de <strong>Juan Francisco Palencia<\/strong>, hasta hace meses t\u00e9cnico universitario.<\/p>\n<p style=\"text-align: center;\"><span style=\"color: #333399;\"><a href=\"https:\/\/www.futboltotal.com.mx\/2017\/10\/sergio-egea-dejaria-a-los-pumas\/\">VER M\u00c1S: <span class=\"item-title\">Sergio Egea dejar\u00eda a los Pumas<\/span><\/a><\/span><\/p>\n<p>Esta no ser\u00e1 la primera experiencia en la Liga MX para el nuevo entrenador de los felinos, ya que en 2007 estuvo al frente del <strong>Morelia<\/strong> y en 2012 fue contratado por el <strong>Veracruz<\/strong>.<\/p>\n<p>Esta ocasi\u00f3n, David volver\u00e1 a llevar las riendas del cuadro de la UNAM, equipo donde fuera campe\u00f3n como jugador en el inicio de los a\u00f1os 90, pero al que tambi\u00e9n ha dirigido como t\u00e9cnico interino en 2013 y 2014.<\/p>\n<p>Pati\u00f1o vendr\u00e1 a suplir al entrenador <strong>Sergio Egea<\/strong>, quien dejara a Pumas como el \u00faltimo lugar general de la tabla.<\/p>\n<p style=\"text-align: center;\"><span style=\"color: #333399;\"><a href=\"https:\/\/www.futboltotal.com.mx\/2017\/10\/corona-asegura-cruz-azul-puede-detener-al-america\/\">VER M\u00c1S: <span class=\"item-title\">Corona asegura que Cruz Azul puede detener al Am\u00e9rica<\/span><\/a><\/span><\/p>\n","protected":false},"excerpt":{"rendered":"<p>Los universitarios han decidido que de manera interina tome el mando del equipo.<\/p>\n","protected":false},"author":20,"featured_media":502896,"comment_status":"closed","ping_status":"closed","sticky":false,"template":"","format":"standard","meta":[],"categories":[5,2198,3845],"tags":[296,74],"_links":{"self":[{"href":"http:\/\/desarrollo.grupomedios.com\/futbol\/wp-json\/wp\/v2\/posts\/502895"}],"collection":[{"href":"http:\/\/desarrollo.grupomedios.com\/futbol\/wp-json\/wp\/v2\/posts"}],"about":[{"href":"http:\/\/desarrollo.grupomedios.com\/futbol\/wp-json\/wp\/v2\/types\/post"}],"author":[{"embeddable":true,"href":"http:\/\/desarrollo.grupomedios.com\/futbol\/wp-json\/wp\/v2\/users\/20"}],"replies":[{"embeddable":true,"href":"http:\/\/desarrollo.grupomedios.com\/futbol\/wp-json\/wp\/v2\/comments?post=502895"}],"version-history":[{"count":3,"href":"http:\/\/desarrollo.grupomedios.com\/futbol\/wp-json\/wp\/v2\/posts\/502895\/revisions"}],"predecessor-version":[{"id":502900,"href":"http:\/\/desarrollo.grupomedios.com\/futbol\/wp-json\/wp\/v2\/posts\/502895\/revisions\/502900"}],"wp:featuredmedia":[{"embeddable":true,"href":"http:\/\/desarrollo.grupomedios.com\/futbol\/wp-json\/wp\/v2\/media\/502896"}],"wp:attachment":[{"href":"http:\/\/desarrollo.grupomedios.com\/futbol\/wp-json\/wp\/v2\/media?parent=502895"}],"wp:term":[{"taxonomy":"category","embeddable":true,"href":"http:\/\/desarrollo.grupomedios.com\/futbol\/wp-json\/wp\/v2\/categories?post=502895"},{"taxonomy":"post_tag","embeddable":true,"href":"http:\/\/desarrollo.grupomedios.com\/futbol\/wp-json\/wp\/v2\/tags?post=502895"}],"curies":[{"name":"wp","href":"https:\/\/api.w.org\/{rel}","templated":true}]}}