{"id":502899,"date":"2017-10-04T10:45:23","date_gmt":"2017-10-04T15:45:23","guid":{"rendered":"https:\/\/www.futboltotal.com.mx\/?p=502899"},"modified":"2017-10-04T10:45:23","modified_gmt":"2017-10-04T15:45:23","slug":"201710futbol-y-cine-dos-pasiones-se-reunen-en-un-festival","status":"publish","type":"post","link":"http:\/\/desarrollo.grupomedios.com\/futbol\/cambio-de-juego\/201710futbol-y-cine-dos-pasiones-se-reunen-en-un-festival\/2017\/10","title":{"rendered":"Festival Futbol Cine, dos pasiones unidas por causas sociales"},"content":{"rendered":"<p>El\u00a0<strong>Festival de Futbol y Cine\u00a0<\/strong>tendr\u00e1 su silbatazo inicial este <strong>5 de octubre<\/strong>, juntando dos pasiones en las que se mostrar\u00e1 la pasi\u00f3n que genera el deporte m\u00e1s popular del mundo.<\/p>\n<p>Con once sedes en las que se presentar\u00e1n\u00a0pel\u00edculas, cortometrajes y piezas audiovisuales<strong>\u00a0<\/strong>de todas partes del mundo; <strong>Argentina, Brasil, Uruguay, Espa\u00f1a, Estados Unidos, Reino Unido, Colombia y M\u00e9xico<\/strong>, generando una diversidad de contenidos propia de un festival de cine.<\/p>\n<p class=\"p1\"><span class=\"s1\">[video_player]https:\/\/player.vimeo.com\/external\/236768655.hd.mp4?s=a2b9dd8925d9b8df21816d2343172d804b9ce2d4&amp;profile_id=174[\/video_player]<\/span><\/p>\n<p>Adem\u00e1s no est\u00e1n alejados de la causa social y el impacto que \u00a0pueden tener, por lo que realizar\u00e1n diversas acciones para apoyar a los damnificados por los recientes sismos; por cada peso que dones en taquilla y dulcer\u00eda,<strong> Cin\u00e9polis<\/strong> sumar\u00e1 3 m\u00e1s. Se unieron a <strong>TECHO M\u00e9xico<\/strong> para apoyar la reconstrucci\u00f3n del pa\u00eds, se podr\u00e1n donar v\u00edveres en la sedes del festival, se realizar\u00e1n subasta de art\u00edculos, entre otras acciones.<\/p>\n<p>\u00a1Todo est\u00e1 listo para que comience el\u00a0<strong>Festival de Futbol y Cine<\/strong>!<\/p>\n<p class=\"p1\"><span class=\"s1\">[video_player]https:\/\/player.vimeo.com\/external\/236754732.hd.mp4?s=e6e951271629175c87809d7f10d9b53f37f5ca41&amp;profile_id=174[\/video_player]<\/span><\/p>\n<p><a href=\"https:\/\/www.futboltotal.com.mx\/wp-content\/uploads\/2017\/10\/FCC-Programacion.jpg\"><img decoding=\"async\" loading=\"lazy\" class=\"aligncenter size-large wp-image-502933\" src=\"https:\/\/www.futboltotal.com.mx\/wp-content\/uploads\/2017\/10\/FCC-Programacion-1024x576.jpg\" alt=\"Festival Futbol Cine, dos pasiones unidas por causas sociales 0\" srcset=\"http:\/\/desarrollo.grupomedios.com\/futbol\/wp-content\/uploads\/2017\/10\/FCC-Programacion-1024x576.jpg 1024w, http:\/\/desarrollo.grupomedios.com\/futbol\/wp-content\/uploads\/2017\/10\/FCC-Programacion-300x169.jpg 300w, http:\/\/desarrollo.grupomedios.com\/futbol\/wp-content\/uploads\/2017\/10\/FCC-Programacion-768x432.jpg 768w, http:\/\/desarrollo.grupomedios.com\/futbol\/wp-content\/uploads\/2017\/10\/FCC-Programacion-393x221.jpg 393w, http:\/\/desarrollo.grupomedios.com\/futbol\/wp-content\/uploads\/2017\/10\/FCC-Programacion.jpg 1136w\" sizes=\"(max-width: 1024px) 100vw, 1024px\" \/><\/a><\/p>\n","protected":false},"excerpt":{"rendered":"<p>La pasi\u00f3n se desbordar\u00e1 por cinco d\u00edas de pel\u00edculas en la Ciudad de M\u00e9xico.<\/p>\n","protected":false},"author":20,"featured_media":502902,"comment_status":"closed","ping_status":"closed","sticky":false,"template":"","format":"standard","meta":[],"categories":[5419],"tags":[5629,8463,10452,3882],"_links":{"self":[{"href":"http:\/\/desarrollo.grupomedios.com\/futbol\/wp-json\/wp\/v2\/posts\/502899"}],"collection":[{"href":"http:\/\/desarrollo.grupomedios.com\/futbol\/wp-json\/wp\/v2\/posts"}],"about":[{"href":"http:\/\/desarrollo.grupomedios.com\/futbol\/wp-json\/wp\/v2\/types\/post"}],"author":[{"embeddable":true,"href":"http:\/\/desarrollo.grupomedios.com\/futbol\/wp-json\/wp\/v2\/users\/20"}],"replies":[{"embeddable":true,"href":"http:\/\/desarrollo.grupomedios.com\/futbol\/wp-json\/wp\/v2\/comments?post=502899"}],"version-history":[{"count":2,"href":"http:\/\/desarrollo.grupomedios.com\/futbol\/wp-json\/wp\/v2\/posts\/502899\/revisions"}],"predecessor-version":[{"id":502934,"href":"http:\/\/desarrollo.grupomedios.com\/futbol\/wp-json\/wp\/v2\/posts\/502899\/revisions\/502934"}],"wp:featuredmedia":[{"embeddable":true,"href":"http:\/\/desarrollo.grupomedios.com\/futbol\/wp-json\/wp\/v2\/media\/502902"}],"wp:attachment":[{"href":"http:\/\/desarrollo.grupomedios.com\/futbol\/wp-json\/wp\/v2\/media?parent=502899"}],"wp:term":[{"taxonomy":"category","embeddable":true,"href":"http:\/\/desarrollo.grupomedios.com\/futbol\/wp-json\/wp\/v2\/categories?post=502899"},{"taxonomy":"post_tag","embeddable":true,"href":"http:\/\/desarrollo.grupomedios.com\/futbol\/wp-json\/wp\/v2\/tags?post=502899"}],"curies":[{"name":"wp","href":"https:\/\/api.w.org\/{rel}","templated":true}]}}