{"id":502901,"date":"2017-10-04T09:11:10","date_gmt":"2017-10-04T14:11:10","guid":{"rendered":"https:\/\/www.futboltotal.com.mx\/?p=502901"},"modified":"2017-10-04T09:11:10","modified_gmt":"2017-10-04T14:11:10","slug":"pique-analiza-dejar-a-la-seleccion-seguir-tras-mundial-2018","status":"publish","type":"post","link":"http:\/\/desarrollo.grupomedios.com\/futbol\/futbol-internacional\/pique-analiza-dejar-a-la-seleccion-seguir-tras-mundial-2018\/2017\/10","title":{"rendered":"Piqu\u00e9 analiza dejar a la selecci\u00f3n o&#8230; seguir tras Mundial 2018"},"content":{"rendered":"<div id=\"texto\" class=\"texto_txt\">\n<div class=\"DETALLE_N_texto \">\n<p><span id=\"ctl14_lblMostra\"><strong>Gerard Piqu\u00e9<\/strong> mostr\u00f3 su deseo de seguir jugando con la selecci\u00f3n espa\u00f1ola, reconoci\u00f3 que en el momento que est\u00e1 viviendo, con el rechazo de los aficionados tras participar en el refer\u00e9ndum de <strong>Catalu\u00f1a<\/strong>, medit\u00f3 dar el paso a un lado, as\u00ed como no cumplir su palabra y seguir tras el <strong>Mundial 2018<\/strong>.<\/span><\/p>\n<p>Fue un anunci\u00f3 que realiz\u00f3 <strong>Piqu\u00e9<\/strong> en Shkoder (Albania), el 9 octubre de 2016, tras un partido de clasificaci\u00f3n para el Mundial de Rusia. &#8220;&#8221;Me cansa que se dude de mi compromiso. El Mundial de Rusia va a ser mi \u00faltima competici\u00f3n con la selecci\u00f3n y espero vivirlo con muchas ganas&#8221;, dijo en la zona mixta del Loro Borici Stadium.<\/p>\n<p style=\"text-align: center;\"><a href=\"https:\/\/www.futboltotal.com.mx\/2017\/10\/201710david-patino-nuevo-tecnico-los-pumas\/\" target=\"_blank\" rel=\"noopener\"><span style=\"color: #333399;\">VER M\u00c1S: David Pati\u00f1o es nuevo t\u00e9cnico de Pumas en lugar de Egea<\/span><\/a><\/p>\n<p>En su comparecencia de hoy en La Ciudad del F\u00fatbol, tras mostrar su deseo de seguir jugando para Espa\u00f1a y admitir que pens\u00f3 estos d\u00edas la posibilidad de dejarlo, sorprendi\u00f3 replante\u00e1ndose su situaci\u00f3n en el futuro y poder seguir tras la cita de Rusia.<\/p>\n<blockquote><p>&#8220;S\u00ed, me he planteado dar un paso al lado pero hay que valorar todas las opciones y valor\u00e1ndolo mucho creo que lo mejor es continuar y aceptar el reto de dar la vuelta a la situaci\u00f3n. Irse ahora ser\u00eda dar la raz\u00f3n a toda esa gente, que no creo que haya una mayor\u00eda, que entiende que la mejor soluci\u00f3n es silbar e insultar. No les voy a dar ese lujo de irme y que se sientan ganadores. Siento que hay mucha m\u00e1s gente que desea que me quede&#8221;, dijo.<\/p>\n<p>&#8220;Tambi\u00e9n me he planteado continuar tras el Mundial de Rusia. Me quiero ir y cerrar mi etapa de la mejor manera posible. Son casi diez a\u00f1os, un tercio de mi vida, y no me quiero ir por la puerta de atr\u00e1s sintiendo que la cosas acaban mal. Para m\u00ed este equipo el cuerpo t\u00e9cnico y toda la gente que forma parte de la Federaci\u00f3n son como mi familia. En Espa\u00f1a mucha gente me tiene como un jugador que siempre lo ha dado todo y quiero continuar por ellos, aunque algunos no vayan a cambiar su opini\u00f3n y me vayan a silbar. Pero me siento fuerte para dar la vuelta a todo&#8221;, a\u00f1adi\u00f3.<\/p><\/blockquote>\n<blockquote class=\"twitter-video\" data-lang=\"es\">\n<p dir=\"ltr\" lang=\"es\">Gerard Piqu\u00e9: &#8221;Irse AHORA ser\u00eda DAR LA RAZ\u00d3N a la gente que SILBA, INSULTA&#8230;NO les voy a dar ese lujo&#8221; <a href=\"https:\/\/twitter.com\/hashtag\/JUGONES?src=hash&amp;ref_src=twsrc%5Etfw\">#JUGONES<\/a> <a href=\"https:\/\/t.co\/UkU9w5q8FJ\">pic.twitter.com\/UkU9w5q8FJ<\/a><\/p>\n<p>\u2014 El Chiringuito TV (@elchiringuitotv) <a href=\"https:\/\/twitter.com\/elchiringuitotv\/status\/915575402038530050?ref_src=twsrc%5Etfw\">4 de octubre de 2017<\/a><\/p><\/blockquote>\n<p><script async src=\"\/\/platform.twitter.com\/widgets.js\" charset=\"utf-8\"><\/script><\/p>\n<p>El central catal\u00e1n no ocult\u00f3 el dolor que sinti\u00f3 el pasado lunes durante los 23 minutos de entrenamiento que estuvo sobre el c\u00e9sped del campo principal de La Ciudad del F\u00fatbol ante los insultos continuos y los c\u00e1nticos en su contra desde la grada, aunque piensa que con di\u00e1logo se podr\u00edan resolver las cosas y asegura estar con Espa\u00f1a para ayudar al equipo en sus objetivos.<\/p>\n<blockquote><p>&#8220;El primer d\u00eda a puertas abiertas el entreno fue dif\u00edcil porque obviamente no te gusta que la gente que apoya y anima a tu equipo est\u00e9 en tu contra. Recibir silbidos e insultos no es del agrado de nadie pero es un reto para m\u00ed darle la vuelta.<\/p>\n<p>&#8220;Hay mucha gente en Espa\u00f1a que mediante el di\u00e1logo pueden entender c\u00f3mo me siento y expreso, que a partir de ah\u00ed que yo pueda pensar de una manera u otra mediante respeto y coherencia puede llegar todo a buen puerto.<\/p>\n<p>&#8220;Estoy aqu\u00ed porque el m\u00edster lo decide y mis compa\u00f1eros tambi\u00e9n. Para ayudar en todo lo que pueda en el campo. El viernes estamos delante de un objetivo por el que llevamos peleando m\u00e1s de un a\u00f1o. Nos tenemos que centrar en vencer y estar virtualmente clasificados&#8221;, argument\u00f3.<\/p><\/blockquote>\n<\/div>\n<\/div>\n","protected":false},"excerpt":{"rendered":"<p>El defensa de la selecci\u00f3n de Espa\u00f1a se retractar\u00eda de su pol\u00e9mica decisi\u00f3n.<\/p>\n","protected":false},"author":144,"featured_media":502906,"comment_status":"closed","ping_status":"closed","sticky":false,"template":"","format":"standard","meta":[],"categories":[3839],"tags":[2309,253,6015,1125,841],"_links":{"self":[{"href":"http:\/\/desarrollo.grupomedios.com\/futbol\/wp-json\/wp\/v2\/posts\/502901"}],"collection":[{"href":"http:\/\/desarrollo.grupomedios.com\/futbol\/wp-json\/wp\/v2\/posts"}],"about":[{"href":"http:\/\/desarrollo.grupomedios.com\/futbol\/wp-json\/wp\/v2\/types\/post"}],"author":[{"embeddable":true,"href":"http:\/\/desarrollo.grupomedios.com\/futbol\/wp-json\/wp\/v2\/users\/144"}],"replies":[{"embeddable":true,"href":"http:\/\/desarrollo.grupomedios.com\/futbol\/wp-json\/wp\/v2\/comments?post=502901"}],"version-history":[{"count":1,"href":"http:\/\/desarrollo.grupomedios.com\/futbol\/wp-json\/wp\/v2\/posts\/502901\/revisions"}],"predecessor-version":[{"id":502904,"href":"http:\/\/desarrollo.grupomedios.com\/futbol\/wp-json\/wp\/v2\/posts\/502901\/revisions\/502904"}],"wp:featuredmedia":[{"embeddable":true,"href":"http:\/\/desarrollo.grupomedios.com\/futbol\/wp-json\/wp\/v2\/media\/502906"}],"wp:attachment":[{"href":"http:\/\/desarrollo.grupomedios.com\/futbol\/wp-json\/wp\/v2\/media?parent=502901"}],"wp:term":[{"taxonomy":"category","embeddable":true,"href":"http:\/\/desarrollo.grupomedios.com\/futbol\/wp-json\/wp\/v2\/categories?post=502901"},{"taxonomy":"post_tag","embeddable":true,"href":"http:\/\/desarrollo.grupomedios.com\/futbol\/wp-json\/wp\/v2\/tags?post=502901"}],"curies":[{"name":"wp","href":"https:\/\/api.w.org\/{rel}","templated":true}]}}