{"id":502907,"date":"2017-10-04T09:44:19","date_gmt":"2017-10-04T14:44:19","guid":{"rendered":"https:\/\/www.futboltotal.com.mx\/?p=502907"},"modified":"2017-10-04T09:44:19","modified_gmt":"2017-10-04T14:44:19","slug":"pique-desmiente-problemas-ramos-pondremos-negocio","status":"publish","type":"post","link":"http:\/\/desarrollo.grupomedios.com\/futbol\/futbol-internacional\/pique-desmiente-problemas-ramos-pondremos-negocio\/2017\/10","title":{"rendered":"Piqu\u00e9 desmiente problemas con Ramos: &#8220;Pondremos un negocio&#8221;"},"content":{"rendered":"<div id=\"texto\" class=\"texto_txt\">\n<div class=\"DETALLE_N_texto \">\n<p><span id=\"ctl14_lblMostra\"><strong>Gerard Piqu\u00e9<\/strong> desminti\u00f3 que salir al paso de la situaci\u00f3n que vive <strong>Catalu\u00f1a<\/strong> haya vuelto a enturbiar su relaci\u00f3n con <strong>Sergio Ramos<\/strong> en la selecci\u00f3n espa\u00f1ola, y desvel\u00f3 que se llevan tan bien que van a abrir un negocio juntos.<\/p>\n<p>&#8220;Lo de Sergio Ramos es todo mentira, nos llevamos fenomenal&#8221;, asegur\u00f3 en rueda de prensa desmintiendo que haya habido una reuni\u00f3n con el capit\u00e1n de la selecci\u00f3n espa\u00f1ola.<\/span><\/p>\n<p style=\"text-align: center;\"><span id=\"ctl14_lblMostra\"><a href=\"https:\/\/www.futboltotal.com.mx\/2017\/10\/201710david-patino-nuevo-tecnico-los-pumas\/\" target=\"_blank\" rel=\"noopener\"><span style=\"color: #333399;\">VER M\u00c1S: David Pati\u00f1o, nuevo t\u00e9cnico de Pumas<\/span><\/a><\/span><\/p>\n<p><span id=\"ctl14_lblMostra\">&#8220;Seremos socios de un negocio que le plantee, ya est\u00e1 bien de t\u00f3picos que hay mala relaci\u00f3n de los jugadores, nuestra relaci\u00f3n es fenomenal&#8221;, a\u00f1adi\u00f3.<\/p>\n<p>Piqu\u00e9 asegur\u00f3 que su pensamiento pol\u00edtico lo ha tratado con el seleccionador <strong>Julen Lopetegui<\/strong> y con varios compa\u00f1eros, gan\u00e1ndose el respeto de todos gracias al di\u00e1logo.<\/p>\n<p>&#8220;Dejemos los t\u00f3picos. Es lo f\u00e1cil decir que cada vez que vengo a la selecci\u00f3n nos tenemos que reunir y acercar posturas. No hace falta, estamos muy cerca&#8221;, asegur\u00f3 sobre Ramos.<\/span><\/p>\n<\/div>\n<\/div>\n","protected":false},"excerpt":{"rendered":"<p>El defensa del Barcelona asegur\u00f3 que se lleva &#8220;fenomenal&#8221; con el capit\u00e1n del Real Madrid.<\/p>\n","protected":false},"author":20,"featured_media":496835,"comment_status":"closed","ping_status":"closed","sticky":false,"template":"","format":"standard","meta":[],"categories":[3839],"tags":[253,6015,6020],"_links":{"self":[{"href":"http:\/\/desarrollo.grupomedios.com\/futbol\/wp-json\/wp\/v2\/posts\/502907"}],"collection":[{"href":"http:\/\/desarrollo.grupomedios.com\/futbol\/wp-json\/wp\/v2\/posts"}],"about":[{"href":"http:\/\/desarrollo.grupomedios.com\/futbol\/wp-json\/wp\/v2\/types\/post"}],"author":[{"embeddable":true,"href":"http:\/\/desarrollo.grupomedios.com\/futbol\/wp-json\/wp\/v2\/users\/20"}],"replies":[{"embeddable":true,"href":"http:\/\/desarrollo.grupomedios.com\/futbol\/wp-json\/wp\/v2\/comments?post=502907"}],"version-history":[{"count":1,"href":"http:\/\/desarrollo.grupomedios.com\/futbol\/wp-json\/wp\/v2\/posts\/502907\/revisions"}],"predecessor-version":[{"id":502909,"href":"http:\/\/desarrollo.grupomedios.com\/futbol\/wp-json\/wp\/v2\/posts\/502907\/revisions\/502909"}],"wp:featuredmedia":[{"embeddable":true,"href":"http:\/\/desarrollo.grupomedios.com\/futbol\/wp-json\/wp\/v2\/media\/496835"}],"wp:attachment":[{"href":"http:\/\/desarrollo.grupomedios.com\/futbol\/wp-json\/wp\/v2\/media?parent=502907"}],"wp:term":[{"taxonomy":"category","embeddable":true,"href":"http:\/\/desarrollo.grupomedios.com\/futbol\/wp-json\/wp\/v2\/categories?post=502907"},{"taxonomy":"post_tag","embeddable":true,"href":"http:\/\/desarrollo.grupomedios.com\/futbol\/wp-json\/wp\/v2\/tags?post=502907"}],"curies":[{"name":"wp","href":"https:\/\/api.w.org\/{rel}","templated":true}]}}