{"id":502908,"date":"2017-10-04T09:47:36","date_gmt":"2017-10-04T14:47:36","guid":{"rendered":"https:\/\/www.futboltotal.com.mx\/?p=502908"},"modified":"2017-10-04T09:47:36","modified_gmt":"2017-10-04T14:47:36","slug":"mexico-historia-amistosos-ante-europeos-elite","status":"publish","type":"post","link":"http:\/\/desarrollo.grupomedios.com\/futbol\/futbol-mexicano\/mexico-historia-amistosos-ante-europeos-elite\/2017\/10","title":{"rendered":"M\u00e9xico y su historia de amistosos ante europeos de \u00e9lite"},"content":{"rendered":"<p>La <strong>Selecci\u00f3n Mexicana<\/strong> ha tenido diversos partidos ante otros combinados de \u00e9lite europeos, su saldo final no ha sido el mejor.<\/p>\n<p>Los roces que ha logrado tener en territorio europeo han sido, por lo regular, previos a una<strong> Copa del Mundo<\/strong>, por lo que esas fechas se prestan para llegar a ponerse en forma previo a la justa mundialista.<\/p>\n<p>Aqu\u00ed algunos amistosos ante europeos:<\/p>\n<p><script type=\"text\/javascript\" src=\"\/\/cdn.playbuzz.com\/widget\/feed.js\"><\/script><\/p>\n<div class=\"pb_feed\" data-embed-by=\"d43f3879-83ed-40bc-99d7-fde80605466f\" data-item=\"1f6d3e54-1e05-411f-a5e9-c4a94b91aeed\" data-version=\"2\"><\/div>\n","protected":false},"excerpt":{"rendered":"<p>Holanda ha sido un rival recurrente<\/p>\n","protected":false},"author":20,"featured_media":502911,"comment_status":"closed","ping_status":"closed","sticky":false,"template":"","format":"standard","meta":[],"categories":[2198,3847],"tags":[352,65,409],"_links":{"self":[{"href":"http:\/\/desarrollo.grupomedios.com\/futbol\/wp-json\/wp\/v2\/posts\/502908"}],"collection":[{"href":"http:\/\/desarrollo.grupomedios.com\/futbol\/wp-json\/wp\/v2\/posts"}],"about":[{"href":"http:\/\/desarrollo.grupomedios.com\/futbol\/wp-json\/wp\/v2\/types\/post"}],"author":[{"embeddable":true,"href":"http:\/\/desarrollo.grupomedios.com\/futbol\/wp-json\/wp\/v2\/users\/20"}],"replies":[{"embeddable":true,"href":"http:\/\/desarrollo.grupomedios.com\/futbol\/wp-json\/wp\/v2\/comments?post=502908"}],"version-history":[{"count":1,"href":"http:\/\/desarrollo.grupomedios.com\/futbol\/wp-json\/wp\/v2\/posts\/502908\/revisions"}],"predecessor-version":[{"id":502912,"href":"http:\/\/desarrollo.grupomedios.com\/futbol\/wp-json\/wp\/v2\/posts\/502908\/revisions\/502912"}],"wp:featuredmedia":[{"embeddable":true,"href":"http:\/\/desarrollo.grupomedios.com\/futbol\/wp-json\/wp\/v2\/media\/502911"}],"wp:attachment":[{"href":"http:\/\/desarrollo.grupomedios.com\/futbol\/wp-json\/wp\/v2\/media?parent=502908"}],"wp:term":[{"taxonomy":"category","embeddable":true,"href":"http:\/\/desarrollo.grupomedios.com\/futbol\/wp-json\/wp\/v2\/categories?post=502908"},{"taxonomy":"post_tag","embeddable":true,"href":"http:\/\/desarrollo.grupomedios.com\/futbol\/wp-json\/wp\/v2\/tags?post=502908"}],"curies":[{"name":"wp","href":"https:\/\/api.w.org\/{rel}","templated":true}]}}