{"id":502925,"date":"2017-10-04T11:00:58","date_gmt":"2017-10-04T16:00:58","guid":{"rendered":"https:\/\/www.futboltotal.com.mx\/?p=502925"},"modified":"2017-10-12T11:46:01","modified_gmt":"2017-10-12T16:46:01","slug":"chaco-gimenez-confeso-le-gustaria-retirarse-en-pachuca","status":"publish","type":"post","link":"http:\/\/desarrollo.grupomedios.com\/futbol\/destacado-home\/chaco-gimenez-confeso-le-gustaria-retirarse-en-pachuca\/2017\/10","title":{"rendered":"Chaco Gim\u00e9nez confes\u00f3 que le gustar\u00eda retirarse en Pachuca"},"content":{"rendered":"<p>El retiro del <strong>Chaco Gim\u00e9nez<\/strong> como jugador est\u00e1 cerca, pues el actual jugador de <strong>Cruz Azul<\/strong> cumplir\u00e1 20 a\u00f1os de carrera y aun no ha firmado su renovaci\u00f3n con los cementeros, pues su contrato termina este torneo.<\/p>\n<p>Debido a ello, el jugador argentino naturalizado mexicano, no descarta en poder regresar a otro de sus amores en el futbol mexicano: el Pachuca.<\/p>\n<p>&#8220;El pr\u00f3ximo a\u00f1o cumplo 20 de carrera y cada etapa fue marcada por momentos inolvidables y no quiero que sea la excepci\u00f3n y esos momentos fueron en <strong>Pachuca<\/strong> y <strong>Cruz Azul<\/strong>. Son los dos equipos donde me gustar\u00eda retirarme&#8221;, dijo en entrevista para ESPN.<\/p>\n<p style=\"text-align: center;\"><span style=\"color: #3366ff;\"><a href=\"https:\/\/www.futboltotal.com.mx\/2017\/10\/pique-desmiente-problemas-ramos-pondremos-negocio\/\">VER M\u00c1S: Piqu\u00e9 desmiente problemas con Ramos: \u201cPondremos un negocio\u201d<\/a><\/span><\/p>\n<p><strong>Chaco<\/strong> tambi\u00e9n habl\u00f3 sobre su futuro y asegur\u00f3 que en sus planes no est\u00e1 el dejar el futbol, ya que considera que aun tiene cosas que dar y poder competir.<\/p>\n<p>&#8220;Mi idea es seguir jugando, porque creo que puedo seguir compitiendo y al d\u00eda de hoy en mi cabeza me gustar\u00eda jugar seis meses m\u00e1s, un a\u00f1o y retirarme&#8221;, coment\u00f3.<\/p>\n<blockquote class=\"twitter-tweet\" data-width=\"500\">\n<p lang=\"es\" dir=\"ltr\">Gran esfuerzo de todo el equipo!! Importante victoria y seguir sumando! <a href=\"https:\/\/twitter.com\/hashtag\/AzulXTi?src=hash&amp;ref_src=twsrc%5Etfw\">#AzulXTi<\/a> <a href=\"https:\/\/twitter.com\/Cruz_Azul_FC?ref_src=twsrc%5Etfw\">@Cruz_Azul_FC<\/a> <a href=\"https:\/\/t.co\/f0qw3xZvpj\">pic.twitter.com\/f0qw3xZvpj<\/a><\/p>\n<p>&mdash; Chaco Gimenez\u26bd (@chaco_81) <a href=\"https:\/\/twitter.com\/chaco_81\/status\/914637860262825984?ref_src=twsrc%5Etfw\">October 1, 2017<\/a><\/p><\/blockquote>\n<p><script async src=\"\/\/platform.twitter.com\/widgets.js\" charset=\"utf-8\"><\/script><\/p>\n<p>Respecto a la renovaci\u00f3n con <strong>Cruz Azul<\/strong>, el \u00eddolo cementero confes\u00f3 que no ha hablado con nadie de la directiva y quiere seguir el presente y esperar\u00e1 a que termine el torneo.<\/p>\n<p>&#8220;Trato de dejar que pase el tiempo, sentarme con la directiva y hablar de futbol. Trato de no mentir al presidente, porque me han dedicado mucho tiempo. As\u00ed como lo hice en el pasado igual lo har\u00e9 con Eduardo de la Torre&#8221;.<\/p>\n","protected":false},"excerpt":{"rendered":"<p>Los Tuzos ser\u00edan otra opci\u00f3n adem\u00e1s de Cruz Azul.<\/p>\n","protected":false},"author":20,"featured_media":472142,"comment_status":"closed","ping_status":"closed","sticky":false,"template":"","format":"standard","meta":[],"categories":[5,2198,3845],"tags":[368,5962,64,5968],"_links":{"self":[{"href":"http:\/\/desarrollo.grupomedios.com\/futbol\/wp-json\/wp\/v2\/posts\/502925"}],"collection":[{"href":"http:\/\/desarrollo.grupomedios.com\/futbol\/wp-json\/wp\/v2\/posts"}],"about":[{"href":"http:\/\/desarrollo.grupomedios.com\/futbol\/wp-json\/wp\/v2\/types\/post"}],"author":[{"embeddable":true,"href":"http:\/\/desarrollo.grupomedios.com\/futbol\/wp-json\/wp\/v2\/users\/20"}],"replies":[{"embeddable":true,"href":"http:\/\/desarrollo.grupomedios.com\/futbol\/wp-json\/wp\/v2\/comments?post=502925"}],"version-history":[{"count":1,"href":"http:\/\/desarrollo.grupomedios.com\/futbol\/wp-json\/wp\/v2\/posts\/502925\/revisions"}],"predecessor-version":[{"id":502942,"href":"http:\/\/desarrollo.grupomedios.com\/futbol\/wp-json\/wp\/v2\/posts\/502925\/revisions\/502942"}],"wp:featuredmedia":[{"embeddable":true,"href":"http:\/\/desarrollo.grupomedios.com\/futbol\/wp-json\/wp\/v2\/media\/472142"}],"wp:attachment":[{"href":"http:\/\/desarrollo.grupomedios.com\/futbol\/wp-json\/wp\/v2\/media?parent=502925"}],"wp:term":[{"taxonomy":"category","embeddable":true,"href":"http:\/\/desarrollo.grupomedios.com\/futbol\/wp-json\/wp\/v2\/categories?post=502925"},{"taxonomy":"post_tag","embeddable":true,"href":"http:\/\/desarrollo.grupomedios.com\/futbol\/wp-json\/wp\/v2\/tags?post=502925"}],"curies":[{"name":"wp","href":"https:\/\/api.w.org\/{rel}","templated":true}]}}