{"id":502930,"date":"2017-10-04T10:49:55","date_gmt":"2017-10-04T15:49:55","guid":{"rendered":"https:\/\/www.futboltotal.com.mx\/?p=502930"},"modified":"2017-10-04T10:51:26","modified_gmt":"2017-10-04T15:51:26","slug":"los-nombres-podrian-reforzar-ataque-barcelona","status":"publish","type":"post","link":"http:\/\/desarrollo.grupomedios.com\/futbol\/futbol-internacional\/los-nombres-podrian-reforzar-ataque-barcelona\/2017\/10","title":{"rendered":"Los nombres que podr\u00edan reforzar el ataque de Barcelona"},"content":{"rendered":"<p>El <strong>Barcelona<\/strong> y en espec\u00edfico el estratega\u00a0<strong>Ernesto Valverde<\/strong>, est\u00e1n buscando nombres que puedan reforzar el ataque, intentando encontrar el sustituto natural para el uruguayo Luis Su\u00e1rez.<\/p>\n<p><strong>Paco Alc\u00e1cer<\/strong> ha sido claramente borrado por el actual estratega del Barcelona, por lo que la directiva ya trabaja para buscar delanteros que ocupen el lugar del &#8216;pistolero&#8217;.<\/p>\n<p style=\"text-align: center;\"><span style=\"color: #333399;\"><a href=\"https:\/\/www.futboltotal.com.mx\/2017\/10\/presidente-del-bayern-confiesa-que-guardiola-dio-visto-bueno-a-ancelotti\/\" target=\"_blank\" rel=\"noopener\">VER M\u00c1S: Guardiola dio visto bueno a Ancelotti<\/a><\/span><\/p>\n<p>De acuerdo a <em>Mundo Deportivo<\/em> son tres los nombres que han surgido dentro de la directiva para fichar en enero o el pr\u00f3ximo verano. El primero es el del alem\u00e1n\u00a0<strong>Timo Werner,\u00a0<\/strong>delantero del\u00a0<strong>RB Leipzig<\/strong> que se ha convertido en uno de los m\u00e1s cotizados en \u00faltimas fechas; el otro nombre que ha despertado el inter\u00e9s de varios equipos en Europa es\u00a0<strong>Kasper Dolberg,\u00a0<\/strong>del <strong>Ajax.<\/strong><\/p>\n<p><iframe loading=\"lazy\" src=\"https:\/\/www.youtube.com\/embed\/K9ASZ1W9yG8?feature=oembed\" frameborder=\"0\" allowfullscreen><\/iframe><\/p>\n<p>Sin embargo, uno de los nombres que suenan con mayor fuerza es el de\u00a0<strong>Lorenzo Insigne,\u00a0<\/strong>del <strong>Napoli<\/strong> que ha tenido varias temporadas destacadas y ya ha sido vinculado con el Barcelona en ocasiones anteriores, adem\u00e1s puede ocupar una plaza de extremo o delantero centro en el terreno de juego.<\/p>\n<p><iframe loading=\"lazy\" src=\"https:\/\/www.youtube.com\/embed\/unsE1NySGXA?feature=oembed\" frameborder=\"0\" allowfullscreen><\/iframe><\/p>\n<p style=\"text-align: center;\"><span style=\"color: #333399;\"><a href=\"https:\/\/www.futboltotal.com.mx\/2017\/10\/festival-futbol-cine-dos-pasiones-unidas-causas-sociales\/\" target=\"_blank\" rel=\"noopener\">VER M\u00c1S: Festival Futbol Cine, dos pasiones unidas por causas sociales<\/a><\/span><\/p>\n<p>&nbsp;<\/p>\n<p>&nbsp;<\/p>\n<p>&nbsp;<\/p>\n","protected":false},"excerpt":{"rendered":"<p>Los blaugranas ya est\u00e1n pensando en el futuro<\/p>\n","protected":false},"author":20,"featured_media":502936,"comment_status":"closed","ping_status":"closed","sticky":false,"template":"","format":"standard","meta":[],"categories":[3839],"tags":[5984,253,10455,9634,6016,10131],"_links":{"self":[{"href":"http:\/\/desarrollo.grupomedios.com\/futbol\/wp-json\/wp\/v2\/posts\/502930"}],"collection":[{"href":"http:\/\/desarrollo.grupomedios.com\/futbol\/wp-json\/wp\/v2\/posts"}],"about":[{"href":"http:\/\/desarrollo.grupomedios.com\/futbol\/wp-json\/wp\/v2\/types\/post"}],"author":[{"embeddable":true,"href":"http:\/\/desarrollo.grupomedios.com\/futbol\/wp-json\/wp\/v2\/users\/20"}],"replies":[{"embeddable":true,"href":"http:\/\/desarrollo.grupomedios.com\/futbol\/wp-json\/wp\/v2\/comments?post=502930"}],"version-history":[{"count":3,"href":"http:\/\/desarrollo.grupomedios.com\/futbol\/wp-json\/wp\/v2\/posts\/502930\/revisions"}],"predecessor-version":[{"id":502939,"href":"http:\/\/desarrollo.grupomedios.com\/futbol\/wp-json\/wp\/v2\/posts\/502930\/revisions\/502939"}],"wp:featuredmedia":[{"embeddable":true,"href":"http:\/\/desarrollo.grupomedios.com\/futbol\/wp-json\/wp\/v2\/media\/502936"}],"wp:attachment":[{"href":"http:\/\/desarrollo.grupomedios.com\/futbol\/wp-json\/wp\/v2\/media?parent=502930"}],"wp:term":[{"taxonomy":"category","embeddable":true,"href":"http:\/\/desarrollo.grupomedios.com\/futbol\/wp-json\/wp\/v2\/categories?post=502930"},{"taxonomy":"post_tag","embeddable":true,"href":"http:\/\/desarrollo.grupomedios.com\/futbol\/wp-json\/wp\/v2\/tags?post=502930"}],"curies":[{"name":"wp","href":"https:\/\/api.w.org\/{rel}","templated":true}]}}