{"id":502940,"date":"2017-10-04T11:05:43","date_gmt":"2017-10-04T16:05:43","guid":{"rendered":"https:\/\/www.futboltotal.com.mx\/?p=502940"},"modified":"2017-10-04T11:05:43","modified_gmt":"2017-10-04T16:05:43","slug":"real-madrid-va-harry-kane-ya-conoce-precio","status":"publish","type":"post","link":"http:\/\/desarrollo.grupomedios.com\/futbol\/futbol-internacional\/real-madrid-va-harry-kane-ya-conoce-precio\/2017\/10","title":{"rendered":"Real Madrid va por Harry Kane y ya conoce su precio"},"content":{"rendered":"<p>El <strong>Real Madrid<\/strong> habr\u00eda puesto su atenci\u00f3n en el delantero ingl\u00e9s, <strong>Harry Kane<\/strong>, quien ya estar\u00eda en la agenda de <strong>Florentino P\u00e9rez<\/strong> como uno de sus m\u00e1ximos objetivos par el futuro y ya conoce su precio.<\/p>\n<p>De acuerdo con el <em>OK Diario<\/em>, la directiva del <strong>Tottenham<\/strong> ya sabr\u00eda del inter\u00e9s de los merengues y le habr\u00edan puesto precio al futbolista; <strong>&#8220;el que quiera a Kane deber\u00e1 pagar 200 millones de libras&#8221;<\/strong>, habr\u00edan dicho los Spurs, de acuerdo con la publicaci\u00f3n. Este precio rondar\u00eda los <strong>225 millones de euros<\/strong>.<\/p>\n<p style=\"text-align: center;\"><span style=\"color: #333399;\"><a href=\"https:\/\/www.futboltotal.com.mx\/2017\/10\/selecciones-pueden-calificar-a-rusia-2018-en-esta-fecha-fifa\/\" target=\"_blank\" rel=\"noopener\">VER M\u00c1S: \u00bfQu\u00e9 selecciones pueden calificar a Rusia 2018 en esta fecha FIFA?<\/a><\/span><\/p>\n<p>Esta cifra ser\u00eda un total esc\u00e1ndalo, sobre todo tomando en cuenta lo que sucedi\u00f3 con <strong>Neymar<\/strong> en el mercado pasado. Sin embargo, Florentino tiene fe, pues ya sabe lo que es negociar con la directiva del Tottenham, pues de ah\u00ed llegaron<strong> Gareth Bale<\/strong> y <strong>Luka Modric<\/strong>, por lo que buscar\u00e1 cerrar el acuerdo con una cifra m\u00e1s razonable.<\/p>\n<p>De cualquier forma, los merengues tienen su plan B, que ser\u00eda\u00a0<strong>Timo Werner<\/strong> del <strong>RB Leipzig<\/strong> y su plan C, el dan\u00e9s <strong>Kasper Dolberg<\/strong> del <strong>Ajax<\/strong>, ir\u00f3nicamente son <span style=\"color: #333399;\"><a href=\"https:\/\/www.futboltotal.com.mx\/2017\/10\/los-nombres-podrian-reforzar-ataque-barcelona\/\" target=\"_blank\" rel=\"noopener\">dos objetivos que comparte con el <strong>Barcelona<\/strong>.<\/a><\/span><\/p>\n<p><iframe loading=\"lazy\" src=\"https:\/\/www.youtube.com\/embed\/isRlcFxV6L0?feature=oembed\" frameborder=\"0\" allowfullscreen><\/iframe><\/p>\n<p style=\"text-align: center;\"><span style=\"color: #333399;\"><a href=\"https:\/\/www.futboltotal.com.mx\/2017\/10\/las-5-frases-polemicas-gerard-pique\/\" target=\"_blank\" rel=\"noopener\">VER M\u00c1S: Las 5 frases pol\u00e9micas de Gerard Piqu\u00e9<\/a><\/span><\/p>\n","protected":false},"excerpt":{"rendered":"<p>El delantero ingl\u00e9s ha ganado las miradas de varios clubes europeos<\/p>\n","protected":false},"author":20,"featured_media":501729,"comment_status":"closed","ping_status":"closed","sticky":false,"template":"","format":"standard","meta":[],"categories":[7740,3839],"tags":[5925,5988,7017],"_links":{"self":[{"href":"http:\/\/desarrollo.grupomedios.com\/futbol\/wp-json\/wp\/v2\/posts\/502940"}],"collection":[{"href":"http:\/\/desarrollo.grupomedios.com\/futbol\/wp-json\/wp\/v2\/posts"}],"about":[{"href":"http:\/\/desarrollo.grupomedios.com\/futbol\/wp-json\/wp\/v2\/types\/post"}],"author":[{"embeddable":true,"href":"http:\/\/desarrollo.grupomedios.com\/futbol\/wp-json\/wp\/v2\/users\/20"}],"replies":[{"embeddable":true,"href":"http:\/\/desarrollo.grupomedios.com\/futbol\/wp-json\/wp\/v2\/comments?post=502940"}],"version-history":[{"count":1,"href":"http:\/\/desarrollo.grupomedios.com\/futbol\/wp-json\/wp\/v2\/posts\/502940\/revisions"}],"predecessor-version":[{"id":502945,"href":"http:\/\/desarrollo.grupomedios.com\/futbol\/wp-json\/wp\/v2\/posts\/502940\/revisions\/502945"}],"wp:featuredmedia":[{"embeddable":true,"href":"http:\/\/desarrollo.grupomedios.com\/futbol\/wp-json\/wp\/v2\/media\/501729"}],"wp:attachment":[{"href":"http:\/\/desarrollo.grupomedios.com\/futbol\/wp-json\/wp\/v2\/media?parent=502940"}],"wp:term":[{"taxonomy":"category","embeddable":true,"href":"http:\/\/desarrollo.grupomedios.com\/futbol\/wp-json\/wp\/v2\/categories?post=502940"},{"taxonomy":"post_tag","embeddable":true,"href":"http:\/\/desarrollo.grupomedios.com\/futbol\/wp-json\/wp\/v2\/tags?post=502940"}],"curies":[{"name":"wp","href":"https:\/\/api.w.org\/{rel}","templated":true}]}}