{"id":502943,"date":"2017-10-04T11:12:40","date_gmt":"2017-10-04T16:12:40","guid":{"rendered":"https:\/\/www.futboltotal.com.mx\/?p=502943"},"modified":"2017-10-04T11:12:40","modified_gmt":"2017-10-04T16:12:40","slug":"mensaje-aitor-cardone-a-alan-pulido","status":"publish","type":"post","link":"http:\/\/desarrollo.grupomedios.com\/futbol\/cambio-de-juego\/mensaje-aitor-cardone-a-alan-pulido\/2017\/10","title":{"rendered":"El mensaje de Aitor Cardone a Alan Pulido"},"content":{"rendered":"<p>Con el reci\u00e9n estreno de la tercera temporada de <strong>Club de Cuervos<\/strong>, la serie de Netflix est\u00e1 en boca de todos y por ello uno de sus protagonistas ha aprovechado para mandar animos a <strong>Alan Pulido<\/strong>.<\/p>\n<p>A trav\u00e9s de su cuenta de Twitter, el ex jugador de los Cuervos, <strong>Aitor Cardon\u00e9,<\/strong> envi\u00f3 un mensaje al delantero de <strong>Chivas<\/strong> para desearle una pr\u00f3xima recuperaci\u00f3n luego de la lesi\u00f3n que sufri\u00f3 el pasado s\u00e1bado frente a los Tigres.<\/p>\n<p style=\"text-align: center;\"><span style=\"color: #3366ff;\"><a href=\"https:\/\/www.futboltotal.com.mx\/2017\/10\/chaco-gimenez-confeso-le-gustaria-retirarse-en-pachuca\/\">VER M\u00c1S: Chaco Gim\u00e9nez confes\u00f3 que le gustar\u00eda retirarse en Pachuca<\/a><\/span><\/p>\n<p>https:\/\/twitter.com\/AitorCardon\/status\/915452326042841089<\/p>\n<p>El delantero del <em>Reba\u00f1o Sagrado<\/em> respondi\u00f3 a los buenos deseos del atacante espa\u00f1ol y le pidi\u00f3 que &#8220;la siga rompiendo&#8221;.<\/p>\n<blockquote class=\"twitter-tweet\" data-data-dnt=\"true\">\n<p lang=\"es\" dir=\"ltr\">Gracias hermano, te mando un abrazo de gol y s\u00edguela rompiendo \ud83d\ude09\u26bd\ufe0f <a href=\"https:\/\/t.co\/3zfoWCMXO2\">https:\/\/t.co\/3zfoWCMXO2<\/a><\/p>\n<p>&mdash; PULIDO 9\ufe0f\u20e3    #AP9 (@alanpulido) <a href=\"https:\/\/twitter.com\/alanpulido\/status\/915587526106247168?ref_src=twsrc%5Etfw\">October 4, 2017<\/a><\/p><\/blockquote>\n<p><script async src=\"https:\/\/platform.twitter.com\/widgets.js\" charset=\"utf-8\"><\/script><\/p>\n","protected":false},"excerpt":{"rendered":"<p>El ex jugador de Cuervos mand\u00f3 buenos deseos al chiva.<\/p>\n","protected":false},"author":20,"featured_media":502947,"comment_status":"closed","ping_status":"closed","sticky":false,"template":"","format":"standard","meta":[],"categories":[5419],"tags":[1607,5460,70,6171],"_links":{"self":[{"href":"http:\/\/desarrollo.grupomedios.com\/futbol\/wp-json\/wp\/v2\/posts\/502943"}],"collection":[{"href":"http:\/\/desarrollo.grupomedios.com\/futbol\/wp-json\/wp\/v2\/posts"}],"about":[{"href":"http:\/\/desarrollo.grupomedios.com\/futbol\/wp-json\/wp\/v2\/types\/post"}],"author":[{"embeddable":true,"href":"http:\/\/desarrollo.grupomedios.com\/futbol\/wp-json\/wp\/v2\/users\/20"}],"replies":[{"embeddable":true,"href":"http:\/\/desarrollo.grupomedios.com\/futbol\/wp-json\/wp\/v2\/comments?post=502943"}],"version-history":[{"count":1,"href":"http:\/\/desarrollo.grupomedios.com\/futbol\/wp-json\/wp\/v2\/posts\/502943\/revisions"}],"predecessor-version":[{"id":502948,"href":"http:\/\/desarrollo.grupomedios.com\/futbol\/wp-json\/wp\/v2\/posts\/502943\/revisions\/502948"}],"wp:featuredmedia":[{"embeddable":true,"href":"http:\/\/desarrollo.grupomedios.com\/futbol\/wp-json\/wp\/v2\/media\/502947"}],"wp:attachment":[{"href":"http:\/\/desarrollo.grupomedios.com\/futbol\/wp-json\/wp\/v2\/media?parent=502943"}],"wp:term":[{"taxonomy":"category","embeddable":true,"href":"http:\/\/desarrollo.grupomedios.com\/futbol\/wp-json\/wp\/v2\/categories?post=502943"},{"taxonomy":"post_tag","embeddable":true,"href":"http:\/\/desarrollo.grupomedios.com\/futbol\/wp-json\/wp\/v2\/tags?post=502943"}],"curies":[{"name":"wp","href":"https:\/\/api.w.org\/{rel}","templated":true}]}}