{"id":502958,"date":"2017-10-04T12:24:59","date_gmt":"2017-10-04T17:24:59","guid":{"rendered":"https:\/\/www.futboltotal.com.mx\/?p=502958"},"modified":"2017-10-04T12:24:59","modified_gmt":"2017-10-04T17:24:59","slug":"alvaro-arbeloa-lanza-indirecta-contra-pique","status":"publish","type":"post","link":"http:\/\/desarrollo.grupomedios.com\/futbol\/futbol-internacional\/alvaro-arbeloa-lanza-indirecta-contra-pique\/2017\/10","title":{"rendered":"\u00c1lvaro Arbeloa lanza indirecta contra Piqu\u00e9"},"content":{"rendered":"<p>Luego de los problemas en los que ha estado envuelto <strong>Gerard Piqu\u00e9<\/strong>, ha aparecido uno de sus enemigos, pues el ex jugador espa\u00f1ol, <strong>\u00c1lvaro Arbeloa<\/strong>, no ha podido omitir sus opiniones y tundi\u00f3 con todo al jugador del Barcelona.<\/p>\n<p>En conferencia de prensa con la selecci\u00f3n espa\u00f1ola, <strong>Piqu\u00e9<\/strong> <span style=\"color: #3366ff;\"><a href=\"https:\/\/www.futboltotal.com.mx\/2017\/10\/pique-analiza-dejar-a-la-seleccion-seguir-tras-mundial-2018\/\">hizo a un lado la posibilidad de dejar a la <em>Roja<\/em><\/a><\/span> debido a que tambi\u00e9n quiere jugar otro Mundial y no ve mal que futbolistas catalanes quieran representar a Espa\u00f1a a pesar de querer la Independencia.<\/p>\n<p>Tras las palabras del defensa, <strong>Arbeloa<\/strong> public\u00f3 en Twitter un mensaje sobre falta de respeto, que ha sido considerado como una indirecta.<\/p>\n<p style=\"text-align: center;\"><span style=\"color: #3366ff;\"><a href=\"https:\/\/www.futboltotal.com.mx\/2017\/10\/las-5-frases-polemicas-gerard-pique\/\">VER M\u00c1S: Las 5 frases pol\u00e9micas de Gerard Piqu\u00e9<\/a><\/span><\/p>\n<blockquote class=\"twitter-tweet\" data-width=\"500\">\n<p lang=\"es\" dir=\"ltr\">Que f\u00e1cil es faltar el respeto a cualquiera que se te ponga por delante y luego pedirlo para ti. <br \/>Quien siembra vientos, recoge tempestades.<\/p>\n<p>&mdash; \u00c1lvaro Arbeloa (@aarbeloa17) <a href=\"https:\/\/twitter.com\/aarbeloa17\/status\/915558849305772032?ref_src=twsrc%5Etfw\">October 4, 2017<\/a><\/p><\/blockquote>\n<p><script async src=\"\/\/platform.twitter.com\/widgets.js\" charset=\"utf-8\"><\/script><\/p>\n<p>La enemistad de los defensas espa\u00f1oles se ha caracterizado por indirectas entre ambos en redes sociales, donde no acostumbran \u2018arrobarse\u2019, aunque todos entienden a qui\u00e9n van dirigidos los mensajes, como \u00e9ste \u00faltimo que la prensa espa\u00f1ola inmediatamente retom\u00f3.<\/p>\n","protected":false},"excerpt":{"rendered":"<p>\u00c1lvaro Arbeloa, no ha podido omitir sus opiniones y tundi\u00f3 con todo al jugador del Barcelona.<\/p>\n","protected":false},"author":20,"featured_media":485141,"comment_status":"closed","ping_status":"closed","sticky":false,"template":"","format":"standard","meta":[],"categories":[3839,3844],"tags":[253,6214,6015],"_links":{"self":[{"href":"http:\/\/desarrollo.grupomedios.com\/futbol\/wp-json\/wp\/v2\/posts\/502958"}],"collection":[{"href":"http:\/\/desarrollo.grupomedios.com\/futbol\/wp-json\/wp\/v2\/posts"}],"about":[{"href":"http:\/\/desarrollo.grupomedios.com\/futbol\/wp-json\/wp\/v2\/types\/post"}],"author":[{"embeddable":true,"href":"http:\/\/desarrollo.grupomedios.com\/futbol\/wp-json\/wp\/v2\/users\/20"}],"replies":[{"embeddable":true,"href":"http:\/\/desarrollo.grupomedios.com\/futbol\/wp-json\/wp\/v2\/comments?post=502958"}],"version-history":[{"count":1,"href":"http:\/\/desarrollo.grupomedios.com\/futbol\/wp-json\/wp\/v2\/posts\/502958\/revisions"}],"predecessor-version":[{"id":502960,"href":"http:\/\/desarrollo.grupomedios.com\/futbol\/wp-json\/wp\/v2\/posts\/502958\/revisions\/502960"}],"wp:featuredmedia":[{"embeddable":true,"href":"http:\/\/desarrollo.grupomedios.com\/futbol\/wp-json\/wp\/v2\/media\/485141"}],"wp:attachment":[{"href":"http:\/\/desarrollo.grupomedios.com\/futbol\/wp-json\/wp\/v2\/media?parent=502958"}],"wp:term":[{"taxonomy":"category","embeddable":true,"href":"http:\/\/desarrollo.grupomedios.com\/futbol\/wp-json\/wp\/v2\/categories?post=502958"},{"taxonomy":"post_tag","embeddable":true,"href":"http:\/\/desarrollo.grupomedios.com\/futbol\/wp-json\/wp\/v2\/tags?post=502958"}],"curies":[{"name":"wp","href":"https:\/\/api.w.org\/{rel}","templated":true}]}}