{"id":503044,"date":"2017-10-04T17:12:51","date_gmt":"2017-10-04T22:12:51","guid":{"rendered":"https:\/\/www.futboltotal.com.mx\/?p=503044"},"modified":"2017-10-04T17:12:51","modified_gmt":"2017-10-04T22:12:51","slug":"neymar-lesionado-paulinho-en-practica-brasil","status":"publish","type":"post","link":"http:\/\/desarrollo.grupomedios.com\/futbol\/futbol-internacional\/neymar-lesionado-paulinho-en-practica-brasil\/2017\/10","title":{"rendered":"Neymar es lesionado por Paulinho en pr\u00e1ctica de Brasil"},"content":{"rendered":"<p>La estrella del <strong>Paris Saint-Germain<\/strong>, <strong>Neymar<\/strong>, sufri\u00f3 una lesi\u00f3n por culpa de sus compa\u00f1eros de selecci\u00f3n, <strong>Paulinho<\/strong> y\u00a0<strong>Tardelli.<\/strong><\/p>\n<p>Las entradas, al parecer no fueron de gravedad, sin embargo el atacante prefiri\u00f3 dejar la sesi\u00f3n de preparaci\u00f3n para continuar con el trabajo de gimnasio junto a sus compa\u00f1eros,\u00a0<strong>Marquinhos, Fernandinho y Arthur\u00a0<\/strong>para seguir trabajando en el\u00a0 el gimnasio.<\/p>\n<p style=\"text-align: center;\"><span style=\"color: #333399;\"><a href=\"https:\/\/www.futboltotal.com.mx\/2017\/10\/selecciones-pueden-calificar-a-rusia-2018-en-esta-fecha-fifa\/\" target=\"_blank\" rel=\"noopener\">VER M\u00c1S: \u00bfQu\u00e9 selecciones pueden calificar a Rusia 2018 en esta fecha FIFA?<\/a><\/span><\/p>\n<p>Brasil ya est\u00e1 calificado a la Copa del Mundo de Rusia 2018, sin embargo le restan dos fechas para culminar la clasificaci\u00f3n ante\u00a0<strong>Bolivia y Chile.<\/strong><\/p>\n<p><iframe loading=\"lazy\" src=\"https:\/\/www.youtube.com\/embed\/k_xz6EgDLLc?feature=oembed\" frameborder=\"0\" allowfullscreen><\/iframe><\/p>\n<p style=\"text-align: center;\"><span style=\"color: #333399;\"><a href=\"https:\/\/www.futboltotal.com.mx\/2017\/10\/mourinho-busca-a-jugador-del-barcelona-manchester-united\/\" target=\"_blank\" rel=\"noopener\">VER M\u00c1S Mourinho insiste en jugador del Barcelona para Manchester United<\/a><\/span><\/p>\n","protected":false},"excerpt":{"rendered":"<p>El delantero se doli\u00f3 y prendi\u00f3 las alarmas en Brasil<\/p>\n","protected":false},"author":20,"featured_media":466311,"comment_status":"closed","ping_status":"closed","sticky":false,"template":"","format":"standard","meta":[],"categories":[3839],"tags":[6009,1392,6001,6073],"_links":{"self":[{"href":"http:\/\/desarrollo.grupomedios.com\/futbol\/wp-json\/wp\/v2\/posts\/503044"}],"collection":[{"href":"http:\/\/desarrollo.grupomedios.com\/futbol\/wp-json\/wp\/v2\/posts"}],"about":[{"href":"http:\/\/desarrollo.grupomedios.com\/futbol\/wp-json\/wp\/v2\/types\/post"}],"author":[{"embeddable":true,"href":"http:\/\/desarrollo.grupomedios.com\/futbol\/wp-json\/wp\/v2\/users\/20"}],"replies":[{"embeddable":true,"href":"http:\/\/desarrollo.grupomedios.com\/futbol\/wp-json\/wp\/v2\/comments?post=503044"}],"version-history":[{"count":1,"href":"http:\/\/desarrollo.grupomedios.com\/futbol\/wp-json\/wp\/v2\/posts\/503044\/revisions"}],"predecessor-version":[{"id":503049,"href":"http:\/\/desarrollo.grupomedios.com\/futbol\/wp-json\/wp\/v2\/posts\/503044\/revisions\/503049"}],"wp:featuredmedia":[{"embeddable":true,"href":"http:\/\/desarrollo.grupomedios.com\/futbol\/wp-json\/wp\/v2\/media\/466311"}],"wp:attachment":[{"href":"http:\/\/desarrollo.grupomedios.com\/futbol\/wp-json\/wp\/v2\/media?parent=503044"}],"wp:term":[{"taxonomy":"category","embeddable":true,"href":"http:\/\/desarrollo.grupomedios.com\/futbol\/wp-json\/wp\/v2\/categories?post=503044"},{"taxonomy":"post_tag","embeddable":true,"href":"http:\/\/desarrollo.grupomedios.com\/futbol\/wp-json\/wp\/v2\/tags?post=503044"}],"curies":[{"name":"wp","href":"https:\/\/api.w.org\/{rel}","templated":true}]}}