{"id":503052,"date":"2017-10-04T17:31:17","date_gmt":"2017-10-04T22:31:17","guid":{"rendered":"https:\/\/www.futboltotal.com.mx\/?p=503052"},"modified":"2017-10-04T17:31:17","modified_gmt":"2017-10-04T22:31:17","slug":"definen-cuando-se-jugara-la-jornada-10-la-liga-mx","status":"publish","type":"post","link":"http:\/\/desarrollo.grupomedios.com\/futbol\/destacado-home\/definen-cuando-se-jugara-la-jornada-10-la-liga-mx\/2017\/10","title":{"rendered":"Definen cu\u00e1ndo se jugar\u00e1 la Jornada 10 de la Liga MX"},"content":{"rendered":"<p>La <strong>Liga MX<\/strong> del f\u00fatbol mexicano inform\u00f3 que la d\u00e9cima jornada del <strong>Apertura 2017<\/strong>, aplazada por el terremoto del 19 de septiembre y que golpe\u00f3 el centro de M\u00e9xico, se jugar\u00e1 del 17 al 18 de octubre.<\/p>\n<p>La jornada estaba programada para jugarse del 22 al 24 de septiembre, pero el sismo de magnitud 7,1 y la emergencia que provoc\u00f3 en la Ciudad de M\u00e9xico y otros estados como Puebla y Morelos, obligaron a la Liga a aplazar los encuentros.<\/p>\n<p style=\"text-align: center;\"><span style=\"color: #3366ff;\"><a href=\"https:\/\/www.futboltotal.com.mx\/2017\/10\/secreto-cristiano-lo-mejor-rooney\/\">VER M\u00c1S: El secreto de Cristiano que lo hizo mejor que Rooney<\/a><\/span><\/p>\n<blockquote class=\"twitter-tweet\" data-data-dnt=\"true\">\n<p lang=\"es\" dir=\"ltr\">Para que lo tengas en cuenta, as\u00ed se va a jugar la pendiente <a href=\"https:\/\/twitter.com\/hashtag\/J10AP2017?src=hash&amp;ref_src=twsrc%5Etfw\">#J10AP2017<\/a> de la <a href=\"https:\/\/twitter.com\/hashtag\/LIGABancomerMX?src=hash&amp;ref_src=twsrc%5Etfw\">#LIGABancomerMX<\/a><br \/>\u26bd <a href=\"https:\/\/twitter.com\/hashtag\/SienteTuLiga?src=hash&amp;ref_src=twsrc%5Etfw\">#SienteTuLiga<\/a> \u26bd <a href=\"https:\/\/twitter.com\/hashtag\/FuerzaMexico?src=hash&amp;ref_src=twsrc%5Etfw\">#FuerzaMexico<\/a> \ud83c\uddf2\ud83c\uddfd <a href=\"https:\/\/t.co\/vA2mT7qreh\">pic.twitter.com\/vA2mT7qreh<\/a><\/p>\n<p>&mdash; Liga BBVA MX (@LigaBBVAMX) <a href=\"https:\/\/twitter.com\/LigaBBVAMX\/status\/915688534819971073?ref_src=twsrc%5Etfw\">October 4, 2017<\/a><\/p><\/blockquote>\n<p><script async src=\"https:\/\/platform.twitter.com\/widgets.js\" charset=\"utf-8\"><\/script><\/p>\n<p>&nbsp;<\/p>\n<p>La Liga tambi\u00e9n inform\u00f3 sobre la reanudaci\u00f3n del partido entre el l\u00edder Monterrey y el Santos Laguna, de la d\u00e9cimo primera jornada y que fue suspendido por una tormenta el\u00e9ctrica el 27 de septiembre.<\/p>\n<p>&nbsp;<\/p>\n","protected":false},"excerpt":{"rendered":"<p>La Liga ya defini\u00f3 todas las fechas.<\/p>\n","protected":false},"author":144,"featured_media":499352,"comment_status":"closed","ping_status":"closed","sticky":false,"template":"","format":"standard","meta":[],"categories":[5,2198,3845],"tags":[8357,1508,64],"_links":{"self":[{"href":"http:\/\/desarrollo.grupomedios.com\/futbol\/wp-json\/wp\/v2\/posts\/503052"}],"collection":[{"href":"http:\/\/desarrollo.grupomedios.com\/futbol\/wp-json\/wp\/v2\/posts"}],"about":[{"href":"http:\/\/desarrollo.grupomedios.com\/futbol\/wp-json\/wp\/v2\/types\/post"}],"author":[{"embeddable":true,"href":"http:\/\/desarrollo.grupomedios.com\/futbol\/wp-json\/wp\/v2\/users\/144"}],"replies":[{"embeddable":true,"href":"http:\/\/desarrollo.grupomedios.com\/futbol\/wp-json\/wp\/v2\/comments?post=503052"}],"version-history":[{"count":1,"href":"http:\/\/desarrollo.grupomedios.com\/futbol\/wp-json\/wp\/v2\/posts\/503052\/revisions"}],"predecessor-version":[{"id":503054,"href":"http:\/\/desarrollo.grupomedios.com\/futbol\/wp-json\/wp\/v2\/posts\/503052\/revisions\/503054"}],"wp:featuredmedia":[{"embeddable":true,"href":"http:\/\/desarrollo.grupomedios.com\/futbol\/wp-json\/wp\/v2\/media\/499352"}],"wp:attachment":[{"href":"http:\/\/desarrollo.grupomedios.com\/futbol\/wp-json\/wp\/v2\/media?parent=503052"}],"wp:term":[{"taxonomy":"category","embeddable":true,"href":"http:\/\/desarrollo.grupomedios.com\/futbol\/wp-json\/wp\/v2\/categories?post=503052"},{"taxonomy":"post_tag","embeddable":true,"href":"http:\/\/desarrollo.grupomedios.com\/futbol\/wp-json\/wp\/v2\/tags?post=503052"}],"curies":[{"name":"wp","href":"https:\/\/api.w.org\/{rel}","templated":true}]}}