{"id":503135,"date":"2017-10-05T11:53:21","date_gmt":"2017-10-05T16:53:21","guid":{"rendered":"https:\/\/www.futboltotal.com.mx\/?p=503135"},"modified":"2017-10-05T11:53:21","modified_gmt":"2017-10-05T16:53:21","slug":"real-madrid-pierde-a-este-futbolista-2-meses","status":"publish","type":"post","link":"http:\/\/desarrollo.grupomedios.com\/futbol\/futbol-internacional\/real-madrid-pierde-a-este-futbolista-2-meses\/2017\/10","title":{"rendered":"Real Madrid pierde a este futbolista por 2 meses"},"content":{"rendered":"<p>El <strong>Real Madrid<\/strong> tendr\u00eda que solventar la baja de <strong>Dani Carvajal<\/strong> por 2 meses, de acuerdo al <em>diario Marca<\/em>.<\/p>\n<p>El lateral madridista se ver\u00eda obligado a estar fuera de actividad debido a la\u00a0<strong>pericarditis<\/strong> que sufre, esto por la dolencia que le causa un virus.<\/p>\n<p style=\"text-align: center;\"><span style=\"color: #333399;\"><a href=\"https:\/\/www.futboltotal.com.mx\/2017\/10\/alexis-sanchez-sera-reemplazo-de-cavani-en-psg\/\" target=\"_blank\" rel=\"noopener\">VER M\u00c1S: Alexis S\u00e1nchez ser\u00e1 reemplazo de Cavani en PSG<\/a><\/span><\/p>\n<p>Sin embargo, cabe se\u00f1alar que desde el club se ha hecho esta predicci\u00f3n, pero podr\u00eda ser que la baja sea por mayor tiempo, debido a que la infecci\u00f3n debe estar controlada para evitar derrames<strong> peric\u00e1rdicos<\/strong> o la aparici\u00f3n de<strong> l\u00edquido alrededor del coraz\u00f3n<\/strong>.<\/p>\n<p>Los m\u00e9dicos del club, que se han asesorado con todo tipo especialistas, indican que al\u00a0\u00a0tratarse de una persona que trabaja su f\u00edsico, requiere de un proceso de recuperaci\u00f3n laborioso y lento. Sobre todo, porque el periodo a\u00fan despu\u00e9s de su recuperaci\u00f3n deber\u00e1 llevar un entrenamiento al estilo pretemporada de manera especial.<\/p>\n<p style=\"text-align: center;\"><span style=\"color: #333399;\"><a href=\"https:\/\/www.futboltotal.com.mx\/2017\/10\/gignac-le-copio-festejo-a-aldo-nigris\/\" target=\"_blank\" rel=\"noopener\">VER M\u00c1S: Gignac le copi\u00f3 festejo a Aldo de Nigris<\/a><\/span><\/p>\n<p class=\"selectionShareable\">\n","protected":false},"excerpt":{"rendered":"<p>Se suma otra baja por lesi\u00f3n para los merengues<\/p>\n","protected":false},"author":20,"featured_media":501754,"comment_status":"closed","ping_status":"closed","sticky":false,"template":"","format":"standard","meta":[],"categories":[3839],"tags":[8040,253,5988],"_links":{"self":[{"href":"http:\/\/desarrollo.grupomedios.com\/futbol\/wp-json\/wp\/v2\/posts\/503135"}],"collection":[{"href":"http:\/\/desarrollo.grupomedios.com\/futbol\/wp-json\/wp\/v2\/posts"}],"about":[{"href":"http:\/\/desarrollo.grupomedios.com\/futbol\/wp-json\/wp\/v2\/types\/post"}],"author":[{"embeddable":true,"href":"http:\/\/desarrollo.grupomedios.com\/futbol\/wp-json\/wp\/v2\/users\/20"}],"replies":[{"embeddable":true,"href":"http:\/\/desarrollo.grupomedios.com\/futbol\/wp-json\/wp\/v2\/comments?post=503135"}],"version-history":[{"count":1,"href":"http:\/\/desarrollo.grupomedios.com\/futbol\/wp-json\/wp\/v2\/posts\/503135\/revisions"}],"predecessor-version":[{"id":503142,"href":"http:\/\/desarrollo.grupomedios.com\/futbol\/wp-json\/wp\/v2\/posts\/503135\/revisions\/503142"}],"wp:featuredmedia":[{"embeddable":true,"href":"http:\/\/desarrollo.grupomedios.com\/futbol\/wp-json\/wp\/v2\/media\/501754"}],"wp:attachment":[{"href":"http:\/\/desarrollo.grupomedios.com\/futbol\/wp-json\/wp\/v2\/media?parent=503135"}],"wp:term":[{"taxonomy":"category","embeddable":true,"href":"http:\/\/desarrollo.grupomedios.com\/futbol\/wp-json\/wp\/v2\/categories?post=503135"},{"taxonomy":"post_tag","embeddable":true,"href":"http:\/\/desarrollo.grupomedios.com\/futbol\/wp-json\/wp\/v2\/tags?post=503135"}],"curies":[{"name":"wp","href":"https:\/\/api.w.org\/{rel}","templated":true}]}}