{"id":503159,"date":"2017-10-05T12:46:45","date_gmt":"2017-10-05T17:46:45","guid":{"rendered":"https:\/\/www.futboltotal.com.mx\/?p=503159"},"modified":"2017-10-05T12:46:45","modified_gmt":"2017-10-05T17:46:45","slug":"rafa-marquez-podra-jugar-estados-unidos-lo-avale","status":"publish","type":"post","link":"http:\/\/desarrollo.grupomedios.com\/futbol\/futbol-mexicano\/rafa-marquez-podra-jugar-estados-unidos-lo-avale\/2017\/10","title":{"rendered":"Rafa M\u00e1rquez podr\u00e1 jugar hasta que Estados Unidos lo avale"},"content":{"rendered":"<p>A pesar de que hace unos d\u00edas se dijo que <strong>Rafael M\u00e1rquez<\/strong> estar\u00eda cerca de regresar a las canchas, se ha revelado que la justicia de Estados Unidos es quien definir\u00e1 cu\u00e1ndo vuelve a jugar.<\/p>\n<p>El abogado de <strong>M\u00e1rquez<\/strong>, <strong>Jos\u00e9 Luis Nassar<\/strong>, revel\u00f3 en entrevista con Ciro G\u00f3mez Leyva que por el momento, el jugador del Atlas necesita &#8220;luz verde&#8221; por parte del Departamento de los Estados Unidos si quiere retomar actividad profesionalmente.<\/p>\n<p style=\"text-align: center;\"><span style=\"color: #3366ff;\"><a href=\"https:\/\/www.futboltotal.com.mx\/2017\/10\/selecciones-pueden-calificar-a-rusia-2018-en-esta-fecha-fifa\/\">VER M\u00c1S: \u00bfQu\u00e9 selecciones pueden calificar a Rusia 2018 en esta Fecha FIFA?<\/a><\/span><\/p>\n<p>&#8220;En cuanto a los tiempos todo es una estipulaci\u00f3n que se ha estado haciendo con base en que ya se entreg\u00f3 la documentaci\u00f3n que ha sido requerida por nosotros para que pueda el departamento de tom\u00e9 una decisi\u00f3n; sin embargo, esto puede suceder en d\u00edas, en meses, est\u00e1 totalmente a discreci\u00f3n del Departamento en Estados Unidos\u201d, revel\u00f3.<\/p>\n<p>Nassar explic\u00f3 que <strong>Rafa M\u00e1rquez<\/strong> no podr\u00e1 volver a jugar tan r\u00e1pido como se hab\u00eda especulado, pues necesita que el gobierno americano le de la autorizaci\u00f3n.<\/p>\n<p>&#8220;Es falso que pueda regresar a las canchas. Esta noche ni este fin de semana podr\u00eda jugar hasta que se tenga la autorizaci\u00f3n de las autoridades norteamericanas\u201d.<\/p>\n","protected":false},"excerpt":{"rendered":"<p>Rafael M\u00e1rquez no podr\u00e1 volver a las canchas hasta que la justicia de Estados Unidos se lo permita.<\/p>\n","protected":false},"author":20,"featured_media":502621,"comment_status":"closed","ping_status":"closed","sticky":false,"template":"","format":"standard","meta":[],"categories":[2198,3845],"tags":[3883,64,6033],"_links":{"self":[{"href":"http:\/\/desarrollo.grupomedios.com\/futbol\/wp-json\/wp\/v2\/posts\/503159"}],"collection":[{"href":"http:\/\/desarrollo.grupomedios.com\/futbol\/wp-json\/wp\/v2\/posts"}],"about":[{"href":"http:\/\/desarrollo.grupomedios.com\/futbol\/wp-json\/wp\/v2\/types\/post"}],"author":[{"embeddable":true,"href":"http:\/\/desarrollo.grupomedios.com\/futbol\/wp-json\/wp\/v2\/users\/20"}],"replies":[{"embeddable":true,"href":"http:\/\/desarrollo.grupomedios.com\/futbol\/wp-json\/wp\/v2\/comments?post=503159"}],"version-history":[{"count":1,"href":"http:\/\/desarrollo.grupomedios.com\/futbol\/wp-json\/wp\/v2\/posts\/503159\/revisions"}],"predecessor-version":[{"id":503163,"href":"http:\/\/desarrollo.grupomedios.com\/futbol\/wp-json\/wp\/v2\/posts\/503159\/revisions\/503163"}],"wp:featuredmedia":[{"embeddable":true,"href":"http:\/\/desarrollo.grupomedios.com\/futbol\/wp-json\/wp\/v2\/media\/502621"}],"wp:attachment":[{"href":"http:\/\/desarrollo.grupomedios.com\/futbol\/wp-json\/wp\/v2\/media?parent=503159"}],"wp:term":[{"taxonomy":"category","embeddable":true,"href":"http:\/\/desarrollo.grupomedios.com\/futbol\/wp-json\/wp\/v2\/categories?post=503159"},{"taxonomy":"post_tag","embeddable":true,"href":"http:\/\/desarrollo.grupomedios.com\/futbol\/wp-json\/wp\/v2\/tags?post=503159"}],"curies":[{"name":"wp","href":"https:\/\/api.w.org\/{rel}","templated":true}]}}