{"id":503165,"date":"2017-10-05T13:21:49","date_gmt":"2017-10-05T18:21:49","guid":{"rendered":"https:\/\/www.futboltotal.com.mx\/?p=503165"},"modified":"2017-10-05T13:22:27","modified_gmt":"2017-10-05T18:22:27","slug":"prensa-peruana-asegura-partido-vs-argentina-esta-arreglado","status":"publish","type":"post","link":"http:\/\/desarrollo.grupomedios.com\/futbol\/futbol-internacional\/prensa-peruana-asegura-partido-vs-argentina-esta-arreglado\/2017\/10","title":{"rendered":"En Per\u00fa aseguran que partido vs Argentina est\u00e1 &#8216;arreglado&#8217;"},"content":{"rendered":"<p>La <strong>prensa peruana<\/strong> ha hecha una fuerte declaraci\u00f3n al asegurar que el encuentro ante <strong>Argentina<\/strong> estar\u00eda arreglado para que los albicelestes se lleven el triunfo.<\/p>\n<p>El ambiente en la eliminatoria de <strong>Conmebol<\/strong> est\u00e1 al rojo vivo, pues 7 equipos se encuentran en la disputa de 3 boletos directos a <strong>Rusia 2018<\/strong> y uno m\u00e1s para la repesca. Por lo que los duelos del jueves se vivir\u00e1n con intensidad.<\/p>\n<p>El encuentro entre Per\u00fa y Argentina supone uno de los m\u00e1s importante para ambas selecciones, se disputar\u00e1 en\u00a0La Bombonera y ahora ha generado pol\u00e9mica.<\/p>\n<p style=\"text-align: center;\"><span style=\"color: #333399;\"><a href=\"https:\/\/www.futboltotal.com.mx\/2017\/10\/selecciones-pueden-calificar-a-rusia-2018-en-esta-fecha-fifa\/\" target=\"_blank\" rel=\"noopener\">VER M\u00c1S: \u00bfQu\u00e9 selecciones pueden calificar a Rusia 2018 en esta fecha FIFA?<\/a><\/span><\/p>\n<p>Resulta que<strong>\u00a0Gianni Infantino<\/strong>, presidente de la <strong>FIFA<\/strong>, y de <strong>Alejandro Dom\u00ednguez<\/strong>, titular de la <strong>Conmebol<\/strong> se reunieron con <strong>Claudio Tapia<\/strong>, presidente de la <strong>AFA<\/strong>, adem\u00e1s de los presidentes de los clubes argentinos: <strong>Daniel Angelici<\/strong> (Boca Juniors), <strong>Rodolfo D&#8217;Onofrio<\/strong> (River Plate), <strong>Victor Blanco<\/strong> (Racing) y <strong>Hugo Moyano<\/strong> (Independiente) lo que ha levantado sospechas en la prensa peruana.<\/p>\n<p>La reuni\u00f3n tuvo como objetivo la postulaci\u00f3n de Argentina, Uruguay y Paraguay para 2030; pero el diario\u00a0<strong>&#8220;Todo Sport&#8221;<\/strong> ha saltado de inmediato sacando una portada bajo el t\u00edtulo <strong>&#8220;\u00a1Rateros!&#8221;<\/strong>, lo que ha levantado las sospechas.<\/p>\n<p><a href=\"https:\/\/www.futboltotal.com.mx\/wp-content\/uploads\/2017\/10\/prensa-peru.jpg\"><img decoding=\"async\" loading=\"lazy\" class=\"wp-image-503169 size-full aligncenter\" src=\"https:\/\/www.futboltotal.com.mx\/wp-content\/uploads\/2017\/10\/prensa-peru.jpg\" alt=\"En Per\u00fa aseguran que partido vs Argentina est\u00e1 &#8216;arreglado&#8217; 0\" srcset=\"http:\/\/desarrollo.grupomedios.com\/futbol\/wp-content\/uploads\/2017\/10\/prensa-peru.jpg 765w, http:\/\/desarrollo.grupomedios.com\/futbol\/wp-content\/uploads\/2017\/10\/prensa-peru-264x300.jpg 264w\" sizes=\"(max-width: 765px) 100vw, 765px\" \/><\/a><\/p>\n<p style=\"text-align: center;\"><span style=\"color: #333399;\"><a href=\"https:\/\/www.futboltotal.com.mx\/2017\/10\/alexis-sanchez-sera-reemplazo-de-cavani-en-psg\/\" target=\"_blank\" rel=\"noopener\">VER M\u00c1S: Alexis S\u00e1nchez ser\u00e1 el reemplazo de Cavani en PSG<\/a><\/span><\/p>\n<p>&nbsp;<\/p>\n","protected":false},"excerpt":{"rendered":"<p>La prensa peruana ha saltado con todo ante la reuni\u00f3n entre FIFA y AFA<\/p>\n","protected":false},"author":20,"featured_media":503171,"comment_status":"closed","ping_status":"closed","sticky":false,"template":"","format":"standard","meta":[],"categories":[3839],"tags":[2792,5996,1392,361,722,2232],"_links":{"self":[{"href":"http:\/\/desarrollo.grupomedios.com\/futbol\/wp-json\/wp\/v2\/posts\/503165"}],"collection":[{"href":"http:\/\/desarrollo.grupomedios.com\/futbol\/wp-json\/wp\/v2\/posts"}],"about":[{"href":"http:\/\/desarrollo.grupomedios.com\/futbol\/wp-json\/wp\/v2\/types\/post"}],"author":[{"embeddable":true,"href":"http:\/\/desarrollo.grupomedios.com\/futbol\/wp-json\/wp\/v2\/users\/20"}],"replies":[{"embeddable":true,"href":"http:\/\/desarrollo.grupomedios.com\/futbol\/wp-json\/wp\/v2\/comments?post=503165"}],"version-history":[{"count":2,"href":"http:\/\/desarrollo.grupomedios.com\/futbol\/wp-json\/wp\/v2\/posts\/503165\/revisions"}],"predecessor-version":[{"id":503175,"href":"http:\/\/desarrollo.grupomedios.com\/futbol\/wp-json\/wp\/v2\/posts\/503165\/revisions\/503175"}],"wp:featuredmedia":[{"embeddable":true,"href":"http:\/\/desarrollo.grupomedios.com\/futbol\/wp-json\/wp\/v2\/media\/503171"}],"wp:attachment":[{"href":"http:\/\/desarrollo.grupomedios.com\/futbol\/wp-json\/wp\/v2\/media?parent=503165"}],"wp:term":[{"taxonomy":"category","embeddable":true,"href":"http:\/\/desarrollo.grupomedios.com\/futbol\/wp-json\/wp\/v2\/categories?post=503165"},{"taxonomy":"post_tag","embeddable":true,"href":"http:\/\/desarrollo.grupomedios.com\/futbol\/wp-json\/wp\/v2\/tags?post=503165"}],"curies":[{"name":"wp","href":"https:\/\/api.w.org\/{rel}","templated":true}]}}