{"id":503209,"date":"2017-10-05T14:24:00","date_gmt":"2017-10-05T19:24:00","guid":{"rendered":"https:\/\/www.futboltotal.com.mx\/?p=503209"},"modified":"2017-10-05T14:24:00","modified_gmt":"2017-10-05T19:24:00","slug":"jugador-peruano-evita-abrazo-nino-en-llegada-a-argentina","status":"publish","type":"post","link":"http:\/\/desarrollo.grupomedios.com\/futbol\/futbol-internacional\/jugador-peruano-evita-abrazo-nino-en-llegada-a-argentina\/2017\/10","title":{"rendered":"Jugador peruano &#8216;evita&#8217; abrazo de ni\u00f1o en su llegada a Argentina"},"content":{"rendered":"<p>Durante la llegada de la <strong>Selecci\u00f3n de Per\u00fa<\/strong> a <strong>Argentina<\/strong> para disputar el duelo eliminatorio rumbo a la <strong>Copa del Mundo de Rusia 2018<\/strong>, el jugador <strong>Paolo Guerrero<\/strong> dio de qu\u00e9 hablar.<\/p>\n<p>En su llegada a Buenos Aires, un ni\u00f1o no dud\u00f3 en burlar a los elementos de seguridad del hotel para correr a abrazar al <strong>peruano<\/strong>, aunque parece que al delantero no le agrad\u00f3 mucho la idea.<\/p>\n<p><strong>Guerrero<\/strong> abraz\u00f3 al peque\u00f1o de una forma &#8220;forzada&#8221; y apenas desapareci\u00f3 en cuanto pudo. El video se ha hecho viral en redes sociales, mismo en el que destacan la &#8216;sencillez&#8217; de Guerrero.<\/p>\n<p style=\"text-align: center;\"><span style=\"color: #3366ff;\"><a href=\"https:\/\/www.futboltotal.com.mx\/2017\/10\/peru-aseguran-que-partido-vs-argentina-esta-arreglado\/\">VER M\u00c1S: En Per\u00fa aseguran que partido vs Argentina est\u00e1 \u2018arreglado\u2019<\/a><\/span><\/p>\n<p><iframe loading=\"lazy\" src=\"https:\/\/www.youtube.com\/embed\/Rq3jv7OFogg?feature=oembed\" frameborder=\"0\" allowfullscreen><\/iframe><\/p>\n","protected":false},"excerpt":{"rendered":"<p>Paolo Guerrero quiso evitar estar con un ni\u00f1o que lo recibi\u00f3.<\/p>\n","protected":false},"author":20,"featured_media":503218,"comment_status":"closed","ping_status":"closed","sticky":false,"template":"","format":"standard","meta":[],"categories":[3839],"tags":[5996,1392,5565,722],"_links":{"self":[{"href":"http:\/\/desarrollo.grupomedios.com\/futbol\/wp-json\/wp\/v2\/posts\/503209"}],"collection":[{"href":"http:\/\/desarrollo.grupomedios.com\/futbol\/wp-json\/wp\/v2\/posts"}],"about":[{"href":"http:\/\/desarrollo.grupomedios.com\/futbol\/wp-json\/wp\/v2\/types\/post"}],"author":[{"embeddable":true,"href":"http:\/\/desarrollo.grupomedios.com\/futbol\/wp-json\/wp\/v2\/users\/20"}],"replies":[{"embeddable":true,"href":"http:\/\/desarrollo.grupomedios.com\/futbol\/wp-json\/wp\/v2\/comments?post=503209"}],"version-history":[{"count":1,"href":"http:\/\/desarrollo.grupomedios.com\/futbol\/wp-json\/wp\/v2\/posts\/503209\/revisions"}],"predecessor-version":[{"id":503221,"href":"http:\/\/desarrollo.grupomedios.com\/futbol\/wp-json\/wp\/v2\/posts\/503209\/revisions\/503221"}],"wp:featuredmedia":[{"embeddable":true,"href":"http:\/\/desarrollo.grupomedios.com\/futbol\/wp-json\/wp\/v2\/media\/503218"}],"wp:attachment":[{"href":"http:\/\/desarrollo.grupomedios.com\/futbol\/wp-json\/wp\/v2\/media?parent=503209"}],"wp:term":[{"taxonomy":"category","embeddable":true,"href":"http:\/\/desarrollo.grupomedios.com\/futbol\/wp-json\/wp\/v2\/categories?post=503209"},{"taxonomy":"post_tag","embeddable":true,"href":"http:\/\/desarrollo.grupomedios.com\/futbol\/wp-json\/wp\/v2\/tags?post=503209"}],"curies":[{"name":"wp","href":"https:\/\/api.w.org\/{rel}","templated":true}]}}