{"id":503227,"date":"2017-10-05T15:03:50","date_gmt":"2017-10-05T20:03:50","guid":{"rendered":"https:\/\/www.futboltotal.com.mx\/?p=503227"},"modified":"2017-10-12T11:45:49","modified_gmt":"2017-10-12T16:45:49","slug":"pachuca-quiere-fichaje-mexicano-celta-vigo","status":"publish","type":"post","link":"http:\/\/desarrollo.grupomedios.com\/futbol\/futbol-mexicano\/pachuca-quiere-fichaje-mexicano-celta-vigo\/2017\/10","title":{"rendered":"Pachuca quiere fichaje &#8220;mexicano&#8221; para el Celta de Vigo"},"content":{"rendered":"<p><strong>Pachuca<\/strong> se ha convertido en un gran generador de jugadores, y la muestra la dio con el fichaje que consigui\u00f3 con <strong>Hirving Lozano<\/strong>, llegando a ser parte del <strong>PSV<\/strong> con un contrato a varios a\u00f1os con la escuadra holandesa.<\/p>\n<p>Previo al duelo amistoso contra el <strong>Celta de Vigo<\/strong>, el presidente de los Tuzos <strong>Jes\u00fas Mart\u00ednez<\/strong> se\u00f1al\u00f3 en una entrevista para <em>Fox Sports<\/em> que &#8220;nos complace much\u00edsimo venir a Europa a jugar contra equipos de esta categor\u00eda. Nuestra idea es lograr que un mexicano vista la playera del Celta&#8221;.<\/p>\n<p style=\"text-align: center;\"><span style=\"color: #333399;\"><a href=\"https:\/\/www.futboltotal.com.mx\/2017\/10\/la-volpe-cree-mexico-pueda-llegar-al-quinto-partido-en-rusia\/\">VER M\u00c1S: <span class=\"item-title\">La Volpe no cree que M\u00e9xico pueda llegar al quinto partido en Rusia<\/span><\/a><\/span><\/p>\n<p>Mart\u00ednez resalt\u00f3 tambi\u00e9n el gran coraz\u00f3n de la directiva del cuadro espa\u00f1ol, despu\u00e9s de que toda la taquilla generada se done para los damnificados del sismo que afect\u00f3 a M\u00e9xico.<\/p>\n<p>Pachuca sostiene su encuentro contra el Celta de Vigo este jueves, y posteriormente enfrentar\u00e1 el 9 de octubre al <strong>PSV<\/strong>.<\/p>\n<p style=\"text-align: center;\"><span style=\"color: #333399;\"><a href=\"https:\/\/www.futboltotal.com.mx\/2017\/10\/rafa-marquez-podra-jugar-estados-unidos-lo-avale\/\">VER M\u00c1S: <span class=\"item-title\">Rafa M\u00e1rquez podr\u00e1 jugar hasta que Estados Unidos lo avale<\/span><\/a><\/span><\/p>\n<p>&nbsp;<\/p>\n<p>&nbsp;<\/p>\n","protected":false},"excerpt":{"rendered":"<p>El cuadro hidalguense quiere que uno de sus jugadores porte la casaca del Celta<\/p>\n","protected":false},"author":20,"featured_media":503232,"comment_status":"closed","ping_status":"closed","sticky":false,"template":"","format":"standard","meta":[],"categories":[3839,2198,3844,3845],"tags":[2407,6158,654,5968,7145],"_links":{"self":[{"href":"http:\/\/desarrollo.grupomedios.com\/futbol\/wp-json\/wp\/v2\/posts\/503227"}],"collection":[{"href":"http:\/\/desarrollo.grupomedios.com\/futbol\/wp-json\/wp\/v2\/posts"}],"about":[{"href":"http:\/\/desarrollo.grupomedios.com\/futbol\/wp-json\/wp\/v2\/types\/post"}],"author":[{"embeddable":true,"href":"http:\/\/desarrollo.grupomedios.com\/futbol\/wp-json\/wp\/v2\/users\/20"}],"replies":[{"embeddable":true,"href":"http:\/\/desarrollo.grupomedios.com\/futbol\/wp-json\/wp\/v2\/comments?post=503227"}],"version-history":[{"count":2,"href":"http:\/\/desarrollo.grupomedios.com\/futbol\/wp-json\/wp\/v2\/posts\/503227\/revisions"}],"predecessor-version":[{"id":503235,"href":"http:\/\/desarrollo.grupomedios.com\/futbol\/wp-json\/wp\/v2\/posts\/503227\/revisions\/503235"}],"wp:featuredmedia":[{"embeddable":true,"href":"http:\/\/desarrollo.grupomedios.com\/futbol\/wp-json\/wp\/v2\/media\/503232"}],"wp:attachment":[{"href":"http:\/\/desarrollo.grupomedios.com\/futbol\/wp-json\/wp\/v2\/media?parent=503227"}],"wp:term":[{"taxonomy":"category","embeddable":true,"href":"http:\/\/desarrollo.grupomedios.com\/futbol\/wp-json\/wp\/v2\/categories?post=503227"},{"taxonomy":"post_tag","embeddable":true,"href":"http:\/\/desarrollo.grupomedios.com\/futbol\/wp-json\/wp\/v2\/tags?post=503227"}],"curies":[{"name":"wp","href":"https:\/\/api.w.org\/{rel}","templated":true}]}}