{"id":503276,"date":"2017-10-05T16:45:19","date_gmt":"2017-10-05T21:45:19","guid":{"rendered":"https:\/\/www.futboltotal.com.mx\/?p=503276"},"modified":"2017-10-05T16:45:19","modified_gmt":"2017-10-05T21:45:19","slug":"omar-govea-victor-guzman-estarian-en-orbita-del-tri","status":"publish","type":"post","link":"http:\/\/desarrollo.grupomedios.com\/futbol\/futbol-mexicano\/omar-govea-victor-guzman-estarian-en-orbita-del-tri\/2017\/10","title":{"rendered":"Omar Govea y V\u00edctor Guzm\u00e1n estar\u00edan en \u00f3rbita del TRI"},"content":{"rendered":"<p>La <strong>Selecci\u00f3n Mexicana<\/strong> ya preparar\u00e1 su camino a la <strong>Copa del Mundo de Rusia 2018<\/strong> y para ello la observaci\u00f3n de jugadores comenzar\u00e1 a partir de los pr\u00f3ximos amistosos.<\/p>\n<p>Es por ello que el t\u00e9cnico del <strong>TRI<\/strong>, <strong>Juan Carlos Osorio,<\/strong> ya ha puesto la mira en <strong>Omar Govea<\/strong>, que milita en B\u00e9lgica, y <strong>V\u00edctor Guzm\u00e1n<\/strong>, el jugador de Pachuca.<\/p>\n<p style=\"text-align: center;\"><span style=\"color: #3366ff;\"><a href=\"https:\/\/www.futboltotal.com.mx\/2017\/10\/cronica-resultado-celta-de-vigo-4-3-pachuca-amistoso\/\">VER M\u00c1S: Pachuca la \u2018cruzazulea\u2019 y al final cae con el Celta<\/a><\/span><\/p>\n<p>&#8220;Somos conscientes de lo que hacen cada uno de estos dos jugadores y los tenemos en el radar&#8221;, dijo el estratega en entrevista con el portal <em>Mediotiempo<\/em>.<\/p>\n<p>El entrenador colombiano tambi\u00e9n confes\u00f3 que est\u00e1 viendo a otros jugadores adem\u00e1s de <strong>Govea<\/strong> y <strong>Guzm\u00e1n<\/strong>, pues quieren tener m\u00e1s posibilidades antes del Mundial.<\/p>\n<p>&#8220;Nosotros siempre, m\u00e1s all\u00e1 de estar abiertos a la posibilidad, abrigamos esa posibilidad de que haya jugadores nuevos y ojal\u00e1 que surjan nuevos en este a\u00f1o y eso nos ayudar\u00eda para la <strong>Selecci\u00f3n<\/strong>&#8220;, asegur\u00f3.<\/p>\n<p>En lo que va del proceso del colombiano se han utilizado 76 jugadores, de los cuales 35 son los que m\u00e1s veces han sido considerados para formar una base en la mayor\u00eda de las concentraciones.<\/p>\n<p style=\"text-align: center;\"><span style=\"color: #3366ff;\"><a href=\"https:\/\/www.futboltotal.com.mx\/2017\/10\/cronica-resultado-inglaterra-1-0-eslovenia-uefa-eliminatoria-europea\/\">VER M\u00c1S: Inglaterra califica \u2018de \u00faltimo minuto\u2019 al Mundial de Rusia 2018<\/a><\/span><\/p>\n<p>&#8220;En el proceso de conocer jugadores hemos utilizado m\u00e1s de 60 jugadores y nos hemos quedado con la mitad y tenemos una baraja de 35 jugadores que han estado en las \u00faltimas convocatorias, pero la oportunidad se va a dar para quien est\u00e9&#8221;, apunt\u00f3.<\/p>\n","protected":false},"excerpt":{"rendered":"<p>Ambos mexicanos podr\u00edan estar dentro de futuras convocatorias.<\/p>\n","protected":false},"author":20,"featured_media":501338,"comment_status":"closed","ping_status":"closed","sticky":false,"template":"","format":"standard","meta":[],"categories":[2198,3847],"tags":[65,5612,7145],"_links":{"self":[{"href":"http:\/\/desarrollo.grupomedios.com\/futbol\/wp-json\/wp\/v2\/posts\/503276"}],"collection":[{"href":"http:\/\/desarrollo.grupomedios.com\/futbol\/wp-json\/wp\/v2\/posts"}],"about":[{"href":"http:\/\/desarrollo.grupomedios.com\/futbol\/wp-json\/wp\/v2\/types\/post"}],"author":[{"embeddable":true,"href":"http:\/\/desarrollo.grupomedios.com\/futbol\/wp-json\/wp\/v2\/users\/20"}],"replies":[{"embeddable":true,"href":"http:\/\/desarrollo.grupomedios.com\/futbol\/wp-json\/wp\/v2\/comments?post=503276"}],"version-history":[{"count":1,"href":"http:\/\/desarrollo.grupomedios.com\/futbol\/wp-json\/wp\/v2\/posts\/503276\/revisions"}],"predecessor-version":[{"id":503284,"href":"http:\/\/desarrollo.grupomedios.com\/futbol\/wp-json\/wp\/v2\/posts\/503276\/revisions\/503284"}],"wp:featuredmedia":[{"embeddable":true,"href":"http:\/\/desarrollo.grupomedios.com\/futbol\/wp-json\/wp\/v2\/media\/501338"}],"wp:attachment":[{"href":"http:\/\/desarrollo.grupomedios.com\/futbol\/wp-json\/wp\/v2\/media?parent=503276"}],"wp:term":[{"taxonomy":"category","embeddable":true,"href":"http:\/\/desarrollo.grupomedios.com\/futbol\/wp-json\/wp\/v2\/categories?post=503276"},{"taxonomy":"post_tag","embeddable":true,"href":"http:\/\/desarrollo.grupomedios.com\/futbol\/wp-json\/wp\/v2\/tags?post=503276"}],"curies":[{"name":"wp","href":"https:\/\/api.w.org\/{rel}","templated":true}]}}