{"id":503317,"date":"2017-10-05T21:09:25","date_gmt":"2017-10-06T02:09:25","guid":{"rendered":"https:\/\/www.futboltotal.com.mx\/?p=503317"},"modified":"2017-10-05T21:11:12","modified_gmt":"2017-10-06T02:11:12","slug":"chile-gana-a-ecuador-quiere-ir-a-la-fiesta-del-mundial","status":"publish","type":"post","link":"http:\/\/desarrollo.grupomedios.com\/futbol\/futbol-internacional\/chile-gana-a-ecuador-quiere-ir-a-la-fiesta-del-mundial\/2017\/10","title":{"rendered":"Chile gana a Ecuador y quiere ir a la fiesta del Mundial"},"content":{"rendered":"<p><span id=\"ctl14_lblMostra\"><strong>Chile<\/strong> recuper\u00f3 este jueves la esperanza de clasificar al <strong>Mundial <\/strong>de Rusia tras un ag\u00f3nico triunfo por 2-1 ante Ecuador, con un gol de <strong>Alexis S\u00e1nchez<\/strong> a cinco minutos del final.<\/span><\/p>\n<p>El triunfo eleva a la Roja hasta el tercer lugar de la clasificaci\u00f3n con 26 puntos y todo por resolver en la \u00faltima jornada, en la que visitar\u00e1 a una selecci\u00f3n brasile\u00f1a que obtuvo los billetes a <strong>Rusia<\/strong> hace semanas.<\/p>\n<p><iframe loading=\"lazy\" src=\"https:\/\/www.youtube.com\/embed\/a013R9V-K6A\" frameborder=\"0\" allowfullscreen=\"allowfullscreen\"><\/iframe><\/p>\n<p>Chile domin\u00f3 con claridad en el primer tiempo pero solo logr\u00f3 llegar al descanso con un gol de ventaja, anotado por <strong>Eduardo Vargas<\/strong>.<\/p>\n<p>Tras el descanso, la Roja recul\u00f3 y los ecuatorianos lo aprovecharon para empatar en el minuto 84, pero el tanto de <strong>Alexis<\/strong> salv\u00f3 los muebles a \u00faltima hora.<\/p>\n<p>En el aspecto ofensivo, <strong>Ecuador<\/strong> dej\u00f3 mucho que desear en el primer tiempo y los arietes no lograron inquietar el arco de Claudio Bravo.<\/p>\n<blockquote class=\"twitter-tweet\" data-partner=\"tweetdeck\">\n<p dir=\"ltr\" lang=\"pt\">CONMEBOL<br \/>\n1- &#x1f1e7;&#x1f1f7; 38 pts<br \/>\n2- &#x1f1fa;&#x1f1fe; 28 pts<br \/>\n3- &#x1f1e8;&#x1f1f1; 26 pts<br \/>\n4- &#x1f1e8;&#x1f1f4; 26 pts<br \/>\n5- &#x1f1f5;&#x1f1ea; 25 pts<br \/>\n6- &#x1f1e6;&#x1f1f7; 25 pts<br \/>\n7- &#x1f1f5;&#x1f1fe; 24 pts<br \/>\n8- &#x1f1ea;&#x1f1e8; 20 pts<br \/>\n9- &#x1f1e7;&#x1f1f4;14 pts<br \/>\n10- &#x1f1fb;&#x1f1ea; 9 pts<\/p>\n<p>\u2014 Futbol Total (@MXFutbolTotal) <a href=\"https:\/\/twitter.com\/MXFutbolTotal\/status\/916113940488310784?ref_src=twsrc%5Etfw\">October 6, 2017<\/a><\/p><\/blockquote>\n<p><script async src=\"\/\/platform.twitter.com\/widgets.js\" charset=\"utf-8\"><\/script><\/p>\n","protected":false},"excerpt":{"rendered":"<p>Un gol de Alexis S\u00e1nchez le ha abierto las puertas hacia Rusia 2018<\/p>\n","protected":false},"author":144,"featured_media":503318,"comment_status":"closed","ping_status":"closed","sticky":false,"template":"","format":"standard","meta":[],"categories":[7566,3839],"tags":[406,1392,708,3820],"_links":{"self":[{"href":"http:\/\/desarrollo.grupomedios.com\/futbol\/wp-json\/wp\/v2\/posts\/503317"}],"collection":[{"href":"http:\/\/desarrollo.grupomedios.com\/futbol\/wp-json\/wp\/v2\/posts"}],"about":[{"href":"http:\/\/desarrollo.grupomedios.com\/futbol\/wp-json\/wp\/v2\/types\/post"}],"author":[{"embeddable":true,"href":"http:\/\/desarrollo.grupomedios.com\/futbol\/wp-json\/wp\/v2\/users\/144"}],"replies":[{"embeddable":true,"href":"http:\/\/desarrollo.grupomedios.com\/futbol\/wp-json\/wp\/v2\/comments?post=503317"}],"version-history":[{"count":2,"href":"http:\/\/desarrollo.grupomedios.com\/futbol\/wp-json\/wp\/v2\/posts\/503317\/revisions"}],"predecessor-version":[{"id":503320,"href":"http:\/\/desarrollo.grupomedios.com\/futbol\/wp-json\/wp\/v2\/posts\/503317\/revisions\/503320"}],"wp:featuredmedia":[{"embeddable":true,"href":"http:\/\/desarrollo.grupomedios.com\/futbol\/wp-json\/wp\/v2\/media\/503318"}],"wp:attachment":[{"href":"http:\/\/desarrollo.grupomedios.com\/futbol\/wp-json\/wp\/v2\/media?parent=503317"}],"wp:term":[{"taxonomy":"category","embeddable":true,"href":"http:\/\/desarrollo.grupomedios.com\/futbol\/wp-json\/wp\/v2\/categories?post=503317"},{"taxonomy":"post_tag","embeddable":true,"href":"http:\/\/desarrollo.grupomedios.com\/futbol\/wp-json\/wp\/v2\/tags?post=503317"}],"curies":[{"name":"wp","href":"https:\/\/api.w.org\/{rel}","templated":true}]}}