{"id":503393,"date":"2017-10-06T12:58:51","date_gmt":"2017-10-06T17:58:51","guid":{"rendered":"https:\/\/www.futboltotal.com.mx\/?p=503393"},"modified":"2017-10-06T12:58:51","modified_gmt":"2017-10-06T17:58:51","slug":"aficionados-piden-a-brasil-dejarse-ganar-eliminar-a-argentina","status":"publish","type":"post","link":"http:\/\/desarrollo.grupomedios.com\/futbol\/futbol-internacional\/aficionados-piden-a-brasil-dejarse-ganar-eliminar-a-argentina\/2017\/10","title":{"rendered":"Aficionados piden a Brasil dejarse ganar y eliminar a Argentina"},"content":{"rendered":"<p>Fan\u00e1ticos de <strong>Brasil<\/strong> y <strong>Chile<\/strong> han comenzado una campa\u00f1a que tiene punto como principal dejar fuera a la <strong>Selecci\u00f3n de Argentina<\/strong> del mundial de <strong>Rusia 2018<\/strong>.<\/p>\n<p>Ambos pa\u00edses se enfrentar\u00e1n en la \u00faltima fecha de la eliminatoria en <strong>Comebol<\/strong> y un triunfo de los <strong>andinos<\/strong> pondr\u00eda en serios predicamentos a los albicelestes. Sin embargo, se sabe que <strong>Argentina<\/strong> requiere de ganar y en caso de no hacerlo depende m\u00e1s del encuentro entre <strong>Per\u00fa y Colombia<\/strong> para alcanzar el repechaje.<\/p>\n<p>A\u00fan as\u00ed, los aficionados de ambos pa\u00eds han manifestado sus mensajes a trav\u00e9s del hashtag \u00a0<strong>#EntregaBrasil<\/strong><strong>.\u00a0<\/strong>Los cuales han servido para indicar que el motivo de esto es por venganza hac\u00eda la selecci\u00f3n albiceleste.<\/p>\n<p style=\"text-align: center;\"><span style=\"color: #333399;\"><a href=\"https:\/\/www.futboltotal.com.mx\/ozil-opcion-para-barcelona-coutinho-no-llega\/2017\/10\/\" target=\"_blank\" rel=\"noopener\">VER M\u00c1S: \u00d6zil se convierte en opci\u00f3n real para llegar a Barcelona<\/a><\/span><\/p>\n<p>Los chilenos han utilizado otra etiqueta,\u00a0<strong>#EntregaProChile\u00a0<\/strong>en donde est\u00e1n pidiendo que ambas selecciones se unan para dejar fuera a <strong>Messi<\/strong> y compa\u00f1\u00eda que han vivido una eliminatoria de pesadilla y al momento est\u00e1n fuera.<\/p>\n<blockquote class=\"twitter-tweet\" data-lang=\"es\">\n<p dir=\"ltr\" lang=\"es\">Amigos brasile\u00f1os no se olviden de esto <a href=\"https:\/\/twitter.com\/hashtag\/EntregaBrasil?src=hash&amp;ref_src=twsrc%5Etfw\">#EntregaBrasil<\/a> <a href=\"https:\/\/twitter.com\/hashtag\/vamoschilectm?src=hash&amp;ref_src=twsrc%5Etfw\">#vamoschilectm<\/a>! <a href=\"https:\/\/t.co\/JoZwdtSCUT\">pic.twitter.com\/JoZwdtSCUT<\/a><\/p>\n<p>\u2014 Jos\u00e9 Miguel (@Ptuchini) <a href=\"https:\/\/twitter.com\/Ptuchini\/status\/916276086815772672?ref_src=twsrc%5Etfw\">6 de octubre de 2017<\/a><\/p><\/blockquote>\n<p><script async src=\"\/\/platform.twitter.com\/widgets.js\" charset=\"utf-8\"><\/script><\/p>\n<blockquote class=\"twitter-tweet\" data-lang=\"es\">\n<p dir=\"ltr\" lang=\"es\">Brasile\u00f1os no olviden el c\u00e1ntico Bras decime q se siente,q se canto en su mundial por parte de argentinos.Es hora de vengarse <a href=\"https:\/\/twitter.com\/hashtag\/EntregaBrasil?src=hash&amp;ref_src=twsrc%5Etfw\">#EntregaBrasil<\/a><\/p>\n<p>\u2014 Javier Mu\u00f1oz (@XaviMunozI) <a href=\"https:\/\/twitter.com\/XaviMunozI\/status\/916330062986842112?ref_src=twsrc%5Etfw\">6 de octubre de 2017<\/a><\/p><\/blockquote>\n<p><script async src=\"\/\/platform.twitter.com\/widgets.js\" charset=\"utf-8\"><\/script><\/p>\n<blockquote class=\"twitter-tweet\" data-lang=\"es\">\n<p dir=\"ltr\" lang=\"pt\">vamo lan\u00e7ar a campanha <a href=\"https:\/\/twitter.com\/hashtag\/EntregaProChile?src=hash&amp;ref_src=twsrc%5Etfw\">#EntregaProChile<\/a><\/p>\n<p>\u2014 #EntregaBrasil (@JotaJuliani) <a href=\"https:\/\/twitter.com\/JotaJuliani\/status\/916115694772805633?ref_src=twsrc%5Etfw\">6 de octubre de 2017<\/a><\/p><\/blockquote>\n<p><script async src=\"\/\/platform.twitter.com\/widgets.js\" charset=\"utf-8\"><\/script><\/p>\n<blockquote class=\"twitter-tweet\" data-lang=\"es\">\n<p dir=\"ltr\" lang=\"es\">Dejar fuera a Messi del mundial = neymar bal\u00f3n de oro <a href=\"https:\/\/twitter.com\/hashtag\/EntregaBrasil?src=hash&amp;ref_src=twsrc%5Etfw\">#EntregaBrasil<\/a><\/p>\n<p>\u2014 Nacho Contreras (@Nachoo_1993) <a href=\"https:\/\/twitter.com\/Nachoo_1993\/status\/916307707291930624?ref_src=twsrc%5Etfw\">6 de octubre de 2017<\/a><\/p><\/blockquote>\n<p><script async src=\"\/\/platform.twitter.com\/widgets.js\" charset=\"utf-8\"><\/script><\/p>\n<blockquote class=\"twitter-tweet\" data-lang=\"es\">\n<p dir=\"ltr\" lang=\"es\"><a href=\"https:\/\/twitter.com\/hashtag\/EntregaBrasil?src=hash&amp;ref_src=twsrc%5Etfw\">#EntregaBrasil<\/a><\/p>\n<p>BRASIL&#x1f1e7;&#x1f1f7; Y &#x1f1e8;&#x1f1f1;CHILE 1 Solo CORAZ\u00d3N!\u2764\u2764\u2764\u2764\u2764\u2764\u2764\u2764\u2764\u2764\u2764\u2764\u2764\u2764\u2764<br \/>\n&#x1f609;&#x1f618; <a href=\"https:\/\/t.co\/zjOLdjISjB\">pic.twitter.com\/zjOLdjISjB<\/a><\/p>\n<p>\u2014 Roxanne Grimes &#x1f49b; (@Roxanne_Grimes_) <a href=\"https:\/\/twitter.com\/Roxanne_Grimes_\/status\/916158345911955456?ref_src=twsrc%5Etfw\">6 de octubre de 2017<\/a><\/p><\/blockquote>\n<p><script async src=\"\/\/platform.twitter.com\/widgets.js\" charset=\"utf-8\"><\/script><\/p>\n<blockquote class=\"twitter-tweet\" data-lang=\"es\">\n<p dir=\"ltr\" lang=\"es\">Hermanos brasileros, h\u00e1ganlo por toda Sudam\u00e9rica; cu\u00e1ntos partidos arreglados por Grondona, cu\u00e1ntas Libertadores robadas!!! &#x1f644; <a href=\"https:\/\/twitter.com\/hashtag\/EntregaBrasil?src=hash&amp;ref_src=twsrc%5Etfw\">#EntregaBrasil<\/a><\/p>\n<p>\u2014 ga\u0432r\u03b9ella\u2763\ufe0f (@GaabiRose) <a href=\"https:\/\/twitter.com\/GaabiRose\/status\/916283710756057088?ref_src=twsrc%5Etfw\">6 de octubre de 2017<\/a><\/p><\/blockquote>\n<p><script async src=\"\/\/platform.twitter.com\/widgets.js\" charset=\"utf-8\"><\/script><\/p>\n<blockquote class=\"twitter-tweet\" data-lang=\"es\">\n<p dir=\"ltr\" lang=\"pt\"><a href=\"https:\/\/twitter.com\/hashtag\/entregabrasil?src=hash&amp;ref_src=twsrc%5Etfw\">#entregabrasil<\/a> tite faz a alegria da na\u00e7\u00e3o brasileira por favor<\/p>\n<p>\u2014 #EntregaBrasil (@Patrik_r07) <a href=\"https:\/\/twitter.com\/Patrik_r07\/status\/916112640417689601?ref_src=twsrc%5Etfw\">6 de octubre de 2017<\/a><\/p><\/blockquote>\n<p><script async src=\"\/\/platform.twitter.com\/widgets.js\" charset=\"utf-8\"><\/script><\/p>\n<p style=\"text-align: center;\"><span style=\"color: #333399;\"><a href=\"https:\/\/www.futboltotal.com.mx\/cristiano-ronaldo-pide-al-real-madrid-fichar-a-este-jugador\/2017\/10\/\" target=\"_blank\" rel=\"noopener\">VER M\u00c1S: Cristiano Ronaldo pide al Real Madrid fichar a este jugador<\/a><\/span><\/p>\n","protected":false},"excerpt":{"rendered":"<p>La Albiceleste no alcanza el repechaje en estos momentos<\/p>\n","protected":false},"author":20,"featured_media":503396,"comment_status":"closed","ping_status":"closed","sticky":false,"template":"","format":"standard","meta":[],"categories":[3839],"tags":[5996,6009,406,1392,2232],"_links":{"self":[{"href":"http:\/\/desarrollo.grupomedios.com\/futbol\/wp-json\/wp\/v2\/posts\/503393"}],"collection":[{"href":"http:\/\/desarrollo.grupomedios.com\/futbol\/wp-json\/wp\/v2\/posts"}],"about":[{"href":"http:\/\/desarrollo.grupomedios.com\/futbol\/wp-json\/wp\/v2\/types\/post"}],"author":[{"embeddable":true,"href":"http:\/\/desarrollo.grupomedios.com\/futbol\/wp-json\/wp\/v2\/users\/20"}],"replies":[{"embeddable":true,"href":"http:\/\/desarrollo.grupomedios.com\/futbol\/wp-json\/wp\/v2\/comments?post=503393"}],"version-history":[{"count":1,"href":"http:\/\/desarrollo.grupomedios.com\/futbol\/wp-json\/wp\/v2\/posts\/503393\/revisions"}],"predecessor-version":[{"id":503397,"href":"http:\/\/desarrollo.grupomedios.com\/futbol\/wp-json\/wp\/v2\/posts\/503393\/revisions\/503397"}],"wp:featuredmedia":[{"embeddable":true,"href":"http:\/\/desarrollo.grupomedios.com\/futbol\/wp-json\/wp\/v2\/media\/503396"}],"wp:attachment":[{"href":"http:\/\/desarrollo.grupomedios.com\/futbol\/wp-json\/wp\/v2\/media?parent=503393"}],"wp:term":[{"taxonomy":"category","embeddable":true,"href":"http:\/\/desarrollo.grupomedios.com\/futbol\/wp-json\/wp\/v2\/categories?post=503393"},{"taxonomy":"post_tag","embeddable":true,"href":"http:\/\/desarrollo.grupomedios.com\/futbol\/wp-json\/wp\/v2\/tags?post=503393"}],"curies":[{"name":"wp","href":"https:\/\/api.w.org\/{rel}","templated":true}]}}