{"id":503416,"date":"2017-10-06T15:40:57","date_gmt":"2017-10-06T20:40:57","guid":{"rendered":"https:\/\/www.futboltotal.com.mx\/?p=503416"},"modified":"2017-10-06T15:40:57","modified_gmt":"2017-10-06T20:40:57","slug":"osorio-enfrenta-a-trinidad-tobago-recuerdo-la-volpe","status":"publish","type":"post","link":"http:\/\/desarrollo.grupomedios.com\/futbol\/destacado-home\/osorio-enfrenta-a-trinidad-tobago-recuerdo-la-volpe\/2017\/10","title":{"rendered":"Osorio enfrenta a Trinidad y Tobago con el recuerdo de La Volpe"},"content":{"rendered":"<p><strong>M\u00e9xico<\/strong> tendr\u00e1 su \u00faltimo partido como local cuando enfrente a<strong> Trinidad y Tobago<\/strong> a una jornada de que termine el <strong>Hexagonal Final de la Concacaf<\/strong>, donde lidera la clasificaci\u00f3n con 18 puntos.<\/p>\n<p>El equipo que dirige <strong>Juan Carlos Osorio<\/strong> deber\u00e1 pasar sobre los caribe\u00f1os para buscar igualar o romper el r\u00e9cord de m\u00e1s puntos en un clasificatorio rumbo a la Copa del Mundo, que es de <strong>Costa Rica<\/strong>.<\/p>\n<p>Hace 12 a\u00f1os, quien tuvo la oportunidad de romper el r\u00e9cord de los ticos fue <strong>Ricardo La Volpe<\/strong>, pero el argentino, que tambi\u00e9n ya hab\u00eda conseguido el boleto al <strong>Mundial de Alemania 2006<\/strong>, no pudo vencer a <strong>Trinidad y Tobago<\/strong> y se qued\u00f3 en el camino. \u00bfPodr\u00e1 <strong>Juan Carlos Osorio<\/strong> conseguir ese r\u00e9cord?<\/p>\n<p style=\"text-align: center;\"><span style=\"color: #3366ff;\"><a href=\"https:\/\/www.futboltotal.com.mx\/mexico-vs-trinidad-y-tobago-eliminatoria-concacaf-rusia-2018-previo\/2017\/10\/\">VER M\u00c1S: M\u00e9xico recibe a Trinidad y Tobago con el r\u00e9cord en mente<\/a><\/span><\/p>\n<p><a href=\"https:\/\/www.futboltotal.com.mx\/wp-content\/uploads\/2017\/10\/osorio-trindiad-y-tobago-la-volpe-hexagonal-final.jpg\"><img decoding=\"async\" loading=\"lazy\" class=\"alignnone size-full wp-image-503418\" src=\"https:\/\/www.futboltotal.com.mx\/wp-content\/uploads\/2017\/10\/osorio-trindiad-y-tobago-la-volpe-hexagonal-final.jpg\" alt=\"Osorio enfrenta a Trinidad y Tobago con el recuerdo de La Volpe 0\" srcset=\"http:\/\/desarrollo.grupomedios.com\/futbol\/wp-content\/uploads\/2017\/10\/osorio-trindiad-y-tobago-la-volpe-hexagonal-final.jpg 858w, http:\/\/desarrollo.grupomedios.com\/futbol\/wp-content\/uploads\/2017\/10\/osorio-trindiad-y-tobago-la-volpe-hexagonal-final-236x300.jpg 236w, http:\/\/desarrollo.grupomedios.com\/futbol\/wp-content\/uploads\/2017\/10\/osorio-trindiad-y-tobago-la-volpe-hexagonal-final-768x977.jpg 768w, http:\/\/desarrollo.grupomedios.com\/futbol\/wp-content\/uploads\/2017\/10\/osorio-trindiad-y-tobago-la-volpe-hexagonal-final-805x1024.jpg 805w\" sizes=\"(max-width: 858px) 100vw, 858px\" \/><\/a><\/p>\n","protected":false},"excerpt":{"rendered":"<p>El colombiano quiere ganar puntos ante el rival que evit\u00f3 el r\u00e9cord de La Volpe.<\/p>\n","protected":false},"author":129,"featured_media":503424,"comment_status":"closed","ping_status":"closed","sticky":false,"template":"","format":"standard","meta":[],"categories":[5,2198,3847],"tags":[282,6196,65,767,1084],"_links":{"self":[{"href":"http:\/\/desarrollo.grupomedios.com\/futbol\/wp-json\/wp\/v2\/posts\/503416"}],"collection":[{"href":"http:\/\/desarrollo.grupomedios.com\/futbol\/wp-json\/wp\/v2\/posts"}],"about":[{"href":"http:\/\/desarrollo.grupomedios.com\/futbol\/wp-json\/wp\/v2\/types\/post"}],"author":[{"embeddable":true,"href":"http:\/\/desarrollo.grupomedios.com\/futbol\/wp-json\/wp\/v2\/users\/129"}],"replies":[{"embeddable":true,"href":"http:\/\/desarrollo.grupomedios.com\/futbol\/wp-json\/wp\/v2\/comments?post=503416"}],"version-history":[{"count":1,"href":"http:\/\/desarrollo.grupomedios.com\/futbol\/wp-json\/wp\/v2\/posts\/503416\/revisions"}],"predecessor-version":[{"id":503425,"href":"http:\/\/desarrollo.grupomedios.com\/futbol\/wp-json\/wp\/v2\/posts\/503416\/revisions\/503425"}],"wp:featuredmedia":[{"embeddable":true,"href":"http:\/\/desarrollo.grupomedios.com\/futbol\/wp-json\/wp\/v2\/media\/503424"}],"wp:attachment":[{"href":"http:\/\/desarrollo.grupomedios.com\/futbol\/wp-json\/wp\/v2\/media?parent=503416"}],"wp:term":[{"taxonomy":"category","embeddable":true,"href":"http:\/\/desarrollo.grupomedios.com\/futbol\/wp-json\/wp\/v2\/categories?post=503416"},{"taxonomy":"post_tag","embeddable":true,"href":"http:\/\/desarrollo.grupomedios.com\/futbol\/wp-json\/wp\/v2\/tags?post=503416"}],"curies":[{"name":"wp","href":"https:\/\/api.w.org\/{rel}","templated":true}]}}