{"id":503423,"date":"2017-10-06T16:25:33","date_gmt":"2017-10-06T21:25:33","guid":{"rendered":"https:\/\/www.futboltotal.com.mx\/?p=503423"},"modified":"2017-10-06T16:25:33","modified_gmt":"2017-10-06T21:25:33","slug":"gales-gana-se-aferra-al-mundial-2018-tras-caida-serbia","status":"publish","type":"post","link":"http:\/\/desarrollo.grupomedios.com\/futbol\/futbol-internacional\/gales-gana-se-aferra-al-mundial-2018-tras-caida-serbia\/2017\/10","title":{"rendered":"Gales gana y se aferra al Mundial 2018 tras ca\u00edda de Serbia"},"content":{"rendered":"<p>La selecci\u00f3n de <strong>Gales<\/strong> a\u00fan mantiene opciones de calificar directamente al <strong>Mundial 2018<\/strong> luego de haber derrotado 1-0 a <strong>Georgia<\/strong> en la <strong>Eliminatoria de UEFA<\/strong>, resultado que se combin\u00f3 con la sorpresiva derrota de <strong>Serbia<\/strong> en <strong>Austria<\/strong> por 3-2.<\/p>\n<p>El conjunto gal\u00e9s, que no cont\u00f3 con el atacante <strong>Gareth Bale<\/strong>, fue el primer en jugar e imponerse al cuadro georgiano por la m\u00ednima diferencia gracias al gol de <strong>Tom Lawrence<\/strong>, aunque al t\u00e9rmino de ese juego sus esperanzas para hacerse con el pase directo a Rusia pasaban por esperar al marcador final de <strong>Serbia<\/strong>.<\/p>\n<p style=\"text-align: center;\"><a href=\"https:\/\/www.futboltotal.com.mx\/espana-3-albania-0-eliminatoria-rusia-2018-uefa-resumen\/2017\/10\" target=\"_blank\" rel=\"noopener\"><span style=\"color: #333399;\">VER M\u00c1S: Espa\u00f1a califica al Mundial Rusia 2018 tras goleada a Albania<\/span><\/a><\/p>\n<p>&nbsp;<\/p>\n<blockquote class=\"twitter-video\" data-lang=\"es\">\n<p dir=\"ltr\" lang=\"en\">Lawrence goals for Wales tonight. Few of these against the red dogs pls Thomas x <a href=\"https:\/\/t.co\/FxONxIhxrE\">pic.twitter.com\/FxONxIhxrE<\/a><\/p>\n<p>\u2014 Derby County (@12th_Ram) <a href=\"https:\/\/twitter.com\/12th_Ram\/status\/916357271399075841?ref_src=twsrc%5Etfw\">6 de octubre de 2017<\/a><\/p><\/blockquote>\n<p><script async src=\"\/\/platform.twitter.com\/widgets.js\" charset=\"utf-8\"><\/script><\/p>\n<p>El equipo serbio visit\u00f3 <strong>Austria<\/strong> y al minuto 11 se adelant\u00f3 en el partido con el gol de\u00a0<strong><span class=\"hidden-xxs\" data-type=\"full\">Luka<\/span> Milivojevic<\/strong>, pero el cuadro austriaco dio vuelta al marcador con anotaciones de\u00a0<strong><span class=\"hidden-xxs\" data-type=\"full\">Guido<\/span> Burgstaller<\/strong> y\u00a0<strong><span class=\"hidden-xxs\" data-type=\"full\">Marko<\/span> Arnautovic<\/strong>.<\/p>\n<p><strong><span class=\"hidden-xxs\" data-type=\"full\">Nemanja<\/span> Matic<\/strong> lograba el empate parcial a siete minutos del final, aunque al 89&#8242; fue\u00a0<strong><span class=\"hidden-xxs\" data-type=\"full\">Louis<\/span> Schaub<\/strong> quien se erigi\u00f3 como h\u00e9roe de los locales al darles el triunfo, resultado que festej\u00f3 Gales.<\/p>\n<p><iframe loading=\"lazy\" src=\"https:\/\/www.youtube.com\/embed\/jiDyl-6y9qc\" frameborder=\"0\" allowfullscreen=\"allowfullscreen\"><\/iframe><\/p>\n<p>Con estos resultados, <strong>Serbia<\/strong> se mantiene en el primer puesto del Grupo D, aunque <strong>Gales<\/strong> s\u00f3lo est\u00e1 un punto por debajo y en el tercer puesto aparece <strong>Irlanda<\/strong> con 16 unidades, lo que significa que en la \u00faltima fecha el partido entre <strong>Gales e Irlanda<\/strong> resultar\u00e1 clave, as\u00ed como el <strong>Serbia vs. Georgia<\/strong> para conocer el primer puesto del sector, que califica directamente a <strong>Rusia 2018<\/strong>.<\/p>\n","protected":false},"excerpt":{"rendered":"<p>La selecci\u00f3n de Gareth Bale a\u00fan aspira a calificar directamente al Mundial 2018.<\/p>\n","protected":false},"author":20,"featured_media":503438,"comment_status":"closed","ping_status":"closed","sticky":false,"template":"","format":"standard","meta":[],"categories":[3839],"tags":[881,10508,352,1899,830,1266,5829,827],"_links":{"self":[{"href":"http:\/\/desarrollo.grupomedios.com\/futbol\/wp-json\/wp\/v2\/posts\/503423"}],"collection":[{"href":"http:\/\/desarrollo.grupomedios.com\/futbol\/wp-json\/wp\/v2\/posts"}],"about":[{"href":"http:\/\/desarrollo.grupomedios.com\/futbol\/wp-json\/wp\/v2\/types\/post"}],"author":[{"embeddable":true,"href":"http:\/\/desarrollo.grupomedios.com\/futbol\/wp-json\/wp\/v2\/users\/20"}],"replies":[{"embeddable":true,"href":"http:\/\/desarrollo.grupomedios.com\/futbol\/wp-json\/wp\/v2\/comments?post=503423"}],"version-history":[{"count":1,"href":"http:\/\/desarrollo.grupomedios.com\/futbol\/wp-json\/wp\/v2\/posts\/503423\/revisions"}],"predecessor-version":[{"id":503439,"href":"http:\/\/desarrollo.grupomedios.com\/futbol\/wp-json\/wp\/v2\/posts\/503423\/revisions\/503439"}],"wp:featuredmedia":[{"embeddable":true,"href":"http:\/\/desarrollo.grupomedios.com\/futbol\/wp-json\/wp\/v2\/media\/503438"}],"wp:attachment":[{"href":"http:\/\/desarrollo.grupomedios.com\/futbol\/wp-json\/wp\/v2\/media?parent=503423"}],"wp:term":[{"taxonomy":"category","embeddable":true,"href":"http:\/\/desarrollo.grupomedios.com\/futbol\/wp-json\/wp\/v2\/categories?post=503423"},{"taxonomy":"post_tag","embeddable":true,"href":"http:\/\/desarrollo.grupomedios.com\/futbol\/wp-json\/wp\/v2\/tags?post=503423"}],"curies":[{"name":"wp","href":"https:\/\/api.w.org\/{rel}","templated":true}]}}