{"id":503448,"date":"2017-10-06T17:09:36","date_gmt":"2017-10-06T22:09:36","guid":{"rendered":"https:\/\/www.futboltotal.com.mx\/?p=503448"},"modified":"2017-10-06T17:13:20","modified_gmt":"2017-10-06T22:13:20","slug":"thiago-y-rodrigo-los-ninos-brasilenos-se-roban-corazon-espana201710","status":"publish","type":"post","link":"http:\/\/desarrollo.grupomedios.com\/futbol\/futbol-internacional\/thiago-y-rodrigo-los-ninos-brasilenos-se-roban-corazon-espana201710\/2017\/10","title":{"rendered":"Thiago y Rodrigo, los ni\u00f1os brasile\u00f1os que se roban el coraz\u00f3n de Espa\u00f1a"},"content":{"rendered":"<p>La selecci\u00f3n de <strong>Espa\u00f1a<\/strong> ha logrado su b0leto a la Copa del Mundo con una gran actuaci\u00f3n de dos futbolistas &#8220;naturalizados&#8221; que han destacado por su trayectoria en el futbol europeo y que gran parte de \u00e9l lo pasaron en la liga espa\u00f1ola.<\/p>\n<p><strong>Thiago Alc\u00e1ntara y Rodrigo Moreno<\/strong> son dos futbolistas brasile\u00f1os naturalizados espa\u00f1oles que han demostrado su gran val\u00eda en el cuadro de Julen Lopetegui, quien los consider\u00f3 para ser parte de la escuadra que sellara el pase de su selecci\u00f3n al <strong>Mundial de Rusia 2018<\/strong>.<\/p>\n<p style=\"text-align: center;\"><span style=\"color: #333399;\"><a href=\"https:\/\/www.futboltotal.com.mx\/gerard-pique-abucheado-aficion-espana\/2017\/10\/\">VER M\u00c1S:\u00a0<span class=\"item-title\">Gerard Piqu\u00e9 es abucheado por afici\u00f3n de Espa\u00f1a<\/span><\/a><\/span><\/p>\n<p>Una de las curiosidades de estos futbolistas es que ellos se conocen desde ni\u00f1os, cuando jugaban en las inferiores del Flamengo de Brasil, son primos, y\u00a0 muchos a\u00f1os despu\u00e9s contin\u00faan siendo compa\u00f1eros a un mayor nivel.<\/p>\n<p>Esta es una de las im\u00e1genes que m\u00e1s se recuerda de ambos futbolistas juntos, quienes junto a Rafinha Alc\u00e1ntara, hermano de Thiago, tienen una gran amistad.<\/p>\n<p><a href=\"https:\/\/www.futboltotal.com.mx\/wp-content\/uploads\/2017\/10\/thiago-rodrigo.jpg\"><img decoding=\"async\" loading=\"lazy\" class=\"alignnone size-full wp-image-503449\" src=\"https:\/\/www.futboltotal.com.mx\/wp-content\/uploads\/2017\/10\/thiago-rodrigo.jpg\" alt=\"Thiago y Rodrigo, los ni\u00f1os brasile\u00f1os que se roban el coraz\u00f3n de Espa\u00f1a 0\" srcset=\"http:\/\/desarrollo.grupomedios.com\/futbol\/wp-content\/uploads\/2017\/10\/thiago-rodrigo.jpg 1136w, http:\/\/desarrollo.grupomedios.com\/futbol\/wp-content\/uploads\/2017\/10\/thiago-rodrigo-300x169.jpg 300w, http:\/\/desarrollo.grupomedios.com\/futbol\/wp-content\/uploads\/2017\/10\/thiago-rodrigo-768x432.jpg 768w, http:\/\/desarrollo.grupomedios.com\/futbol\/wp-content\/uploads\/2017\/10\/thiago-rodrigo-1024x576.jpg 1024w, http:\/\/desarrollo.grupomedios.com\/futbol\/wp-content\/uploads\/2017\/10\/thiago-rodrigo-393x221.jpg 393w\" sizes=\"(max-width: 1136px) 100vw, 1136px\" \/><\/a><\/p>\n<p>&nbsp;<\/p>\n","protected":false},"excerpt":{"rendered":"<p>Thiago y Rodrigo tienen una gran amistad que data desde las inferiores del Flamengo<\/p>\n","protected":false},"author":20,"featured_media":503451,"comment_status":"closed","ping_status":"closed","sticky":false,"template":"","format":"standard","meta":[],"categories":[7568,3839],"tags":[253,755,10511,1072],"_links":{"self":[{"href":"http:\/\/desarrollo.grupomedios.com\/futbol\/wp-json\/wp\/v2\/posts\/503448"}],"collection":[{"href":"http:\/\/desarrollo.grupomedios.com\/futbol\/wp-json\/wp\/v2\/posts"}],"about":[{"href":"http:\/\/desarrollo.grupomedios.com\/futbol\/wp-json\/wp\/v2\/types\/post"}],"author":[{"embeddable":true,"href":"http:\/\/desarrollo.grupomedios.com\/futbol\/wp-json\/wp\/v2\/users\/20"}],"replies":[{"embeddable":true,"href":"http:\/\/desarrollo.grupomedios.com\/futbol\/wp-json\/wp\/v2\/comments?post=503448"}],"version-history":[{"count":2,"href":"http:\/\/desarrollo.grupomedios.com\/futbol\/wp-json\/wp\/v2\/posts\/503448\/revisions"}],"predecessor-version":[{"id":503455,"href":"http:\/\/desarrollo.grupomedios.com\/futbol\/wp-json\/wp\/v2\/posts\/503448\/revisions\/503455"}],"wp:featuredmedia":[{"embeddable":true,"href":"http:\/\/desarrollo.grupomedios.com\/futbol\/wp-json\/wp\/v2\/media\/503451"}],"wp:attachment":[{"href":"http:\/\/desarrollo.grupomedios.com\/futbol\/wp-json\/wp\/v2\/media?parent=503448"}],"wp:term":[{"taxonomy":"category","embeddable":true,"href":"http:\/\/desarrollo.grupomedios.com\/futbol\/wp-json\/wp\/v2\/categories?post=503448"},{"taxonomy":"post_tag","embeddable":true,"href":"http:\/\/desarrollo.grupomedios.com\/futbol\/wp-json\/wp\/v2\/tags?post=503448"}],"curies":[{"name":"wp","href":"https:\/\/api.w.org\/{rel}","templated":true}]}}