{"id":503459,"date":"2017-10-06T18:41:28","date_gmt":"2017-10-06T23:41:28","guid":{"rendered":"https:\/\/www.futboltotal.com.mx\/?p=503459"},"modified":"2017-10-06T18:41:28","modified_gmt":"2017-10-06T23:41:28","slug":"la-promesa-brasileno-a-dybala-perder-chile","status":"publish","type":"post","link":"http:\/\/desarrollo.grupomedios.com\/futbol\/futbol-internacional\/la-promesa-brasileno-a-dybala-perder-chile\/2017\/10","title":{"rendered":"La promesa de un brasile\u00f1o a Dybala para no perder con Chile"},"content":{"rendered":"<p>El lateral brasile\u00f1o <strong>Alex Sandro<\/strong> le dese\u00f3 suerte al argentino <strong>Paulo Dybala,<\/strong> compa\u00f1ero suyo en el Juventus, en su lucha por clasificar para el <strong>Mundial de Rusia 2018<\/strong>, y garantiz\u00f3 que ellos saldr\u00e1n a ganarle a <strong>Chile<\/strong> el pr\u00f3ximo martes en la \u00faltima jornada de las eliminatorias sudamericanas.<\/p>\n<p>&#8220;Tengo amigos que est\u00e1n en la selecci\u00f3n argentina pero no voy a tocar asuntos de otra selecci\u00f3n. L\u00f3gico que deseo la felicidad de ellos, pero nosotros hacemos nuestro trabajo y eso es lo que tenemos que hacer&#8221;, afirm\u00f3 hoy Sandro en una rueda de prensa en Sao Paulo.<\/p>\n<p>Est\u00e1 previsto que el lateral sea titular ante la Roja, que en caso de conseguir una victoria en el Allianz Parque de Sao Paulo certificar\u00e1 su billete para la cita mundialista y adem\u00e1s complicar\u00e1 las opciones de la Argentina de <strong>Lionel Messi<\/strong>.<\/p>\n<p style=\"text-align: center;\"><span style=\"color: #333399;\"><a href=\"https:\/\/www.futboltotal.com.mx\/historico-ecuador-diria-adios-al-terminar-eliminatoria\/2017\/10\/\">VER M\u00c1S:\u00a0<span class=\"item-title\">El hist\u00f3rico de Ecuador que dir\u00eda adi\u00f3s al terminar eliminatoria<\/span><\/a><\/span><\/p>\n<p style=\"text-align: left;\"><span style=\"color: #333399;\"><\/span>Sandro se comprometi\u00f3 a &#8220;jugar bien independientemente de lo que est\u00e9 en juego&#8221; en el encuentro contra los chilenos.<\/p>\n<p>&#8220;Nuestra cabeza est\u00e1 en nuestro trabajo. El problema de ellos es de ellos, solo pensamos en nuestro d\u00eda a d\u00eda y ver d\u00f3nde podemos mejorar. El resto no es problema nuestro&#8221;, coment\u00f3.<\/p>\n<p>En su opini\u00f3n, la selecci\u00f3n brasile\u00f1a, clasificada desde marzo para <strong>Rusia 2018<\/strong>, &#8220;est\u00e1 donde est\u00e1&#8221; porque se ha tomado &#8220;en serio todos los partidos&#8221; por lo que no caben las dudas sobre su profesionalidad ante las sospechas de que salgan al campo sin intensidad para enfrentar a los chilenos.<\/p>\n<p style=\"text-align: center;\"><span style=\"color: #333399;\"><a href=\"https:\/\/www.futboltotal.com.mx\/aficionados-piden-a-brasil-dejarse-ganar-eliminar-a-argentina\/2017\/10\/\">VER M\u00c1S:\u00a0<span class=\"item-title\">Aficionados piden a Brasil dejarse ganar y eliminar a Argentina<\/span><\/a><\/span><\/p>\n<p style=\"text-align: left;\"><span style=\"color: #333399;\"><\/span>&#8220;Todos van a hacer el m\u00e1ximo, con coraz\u00f3n y con orgullo, y la afici\u00f3n puede tener certeza de que Brasil ir\u00e1 a por la victoria&#8221;, asever\u00f3.<\/p>\n<p>La Canarinha es l\u00edder de las eliminatorias con 38 puntos, diez m\u00e1s que su inmediato perseguidor, Uruguay, y doce m\u00e1s que <strong>Chile<\/strong>, en el tercer puesto, que de no ganarle a Brasil depender\u00e1 de otros resultados para clasificarse.<\/p>\n","protected":false},"excerpt":{"rendered":"<p>Paulo Dybala ha recibido la promesa de que Brasil saldr\u00e1 a ganar para su duelo contra Chile<\/p>\n","protected":false},"author":20,"featured_media":503460,"comment_status":"closed","ping_status":"closed","sticky":false,"template":"","format":"standard","meta":[],"categories":[7566,3839],"tags":[5996,6009,406,6669],"_links":{"self":[{"href":"http:\/\/desarrollo.grupomedios.com\/futbol\/wp-json\/wp\/v2\/posts\/503459"}],"collection":[{"href":"http:\/\/desarrollo.grupomedios.com\/futbol\/wp-json\/wp\/v2\/posts"}],"about":[{"href":"http:\/\/desarrollo.grupomedios.com\/futbol\/wp-json\/wp\/v2\/types\/post"}],"author":[{"embeddable":true,"href":"http:\/\/desarrollo.grupomedios.com\/futbol\/wp-json\/wp\/v2\/users\/20"}],"replies":[{"embeddable":true,"href":"http:\/\/desarrollo.grupomedios.com\/futbol\/wp-json\/wp\/v2\/comments?post=503459"}],"version-history":[{"count":1,"href":"http:\/\/desarrollo.grupomedios.com\/futbol\/wp-json\/wp\/v2\/posts\/503459\/revisions"}],"predecessor-version":[{"id":503461,"href":"http:\/\/desarrollo.grupomedios.com\/futbol\/wp-json\/wp\/v2\/posts\/503459\/revisions\/503461"}],"wp:featuredmedia":[{"embeddable":true,"href":"http:\/\/desarrollo.grupomedios.com\/futbol\/wp-json\/wp\/v2\/media\/503460"}],"wp:attachment":[{"href":"http:\/\/desarrollo.grupomedios.com\/futbol\/wp-json\/wp\/v2\/media?parent=503459"}],"wp:term":[{"taxonomy":"category","embeddable":true,"href":"http:\/\/desarrollo.grupomedios.com\/futbol\/wp-json\/wp\/v2\/categories?post=503459"},{"taxonomy":"post_tag","embeddable":true,"href":"http:\/\/desarrollo.grupomedios.com\/futbol\/wp-json\/wp\/v2\/tags?post=503459"}],"curies":[{"name":"wp","href":"https:\/\/api.w.org\/{rel}","templated":true}]}}