{"id":503501,"date":"2017-10-07T10:08:22","date_gmt":"2017-10-07T15:08:22","guid":{"rendered":"https:\/\/www.futboltotal.com.mx\/?p=503501"},"modified":"2017-10-07T10:08:22","modified_gmt":"2017-10-07T15:08:22","slug":"felipe-baloy-explota-contra-reportero-lo-llamo-pendejo","status":"publish","type":"post","link":"http:\/\/desarrollo.grupomedios.com\/futbol\/futbol-internacional\/felipe-baloy-explota-contra-reportero-lo-llamo-pendejo\/2017\/10","title":{"rendered":"Felipe Baloy explota contra reportero; lo llam\u00f3 &#8216;pendejo&#8217;"},"content":{"rendered":"<p>El defensa central paname\u00f1o, <strong>Felipe Baloy<\/strong>, viejo conocido del futbol mexicano, explot\u00f3 en contra de un reportero que le cuestion\u00f3 su rendimiento en el duelo ante <strong>Estados Unidos<\/strong>.<\/p>\n<p>El periodista puso en duda el trabajo que realiz\u00f3 la defensa canalera, hecho que hizo explotar al defensa del\u00a0<strong>Municipal de Guatemala,\u00a0<\/strong>quien lleg\u00f3 a insultar al reportero, todo esto durante el encuentro en zona mixta.<\/p>\n<p style=\"text-align: center;\"><span style=\"color: #333399;\"><a href=\"https:\/\/www.futboltotal.com.mx\/a-se-enfrentara-mexico-ganar-mundial-sub-17\/2017\/10\/\" target=\"_blank\" rel=\"noopener\">VER M\u00c1S: \u00bfA qu\u00e9 se enfrentar\u00e1 M\u00e9xico para ganar Mundial Sub-17?<\/a><\/span><\/p>\n<blockquote><p>\u201c\u00bfEl<strong>\u00a0equipo\u00a0<\/strong>anduvo mal en velocidad, me est\u00e1s se\u00f1alando a m\u00ed? Entonces yo te puedo decir<strong> &#8216;eres un pendejo porque preguntas idioteces&#8217;<\/strong>. Pero yo nunca te se\u00f1alo a ti\u201d, arremeti\u00f3 el zaguero contra el reportero.<\/p><\/blockquote>\n<p>Posteriormente contin\u00fao se\u00f1alando al reportero, pues para Baloy no hizo un an\u00e1lisis completo del encuentro que su selecci\u00f3n <a href=\"https:\/\/www.futboltotal.com.mx\/estados-unidos-4-panama-0-eliminatoria-rusia-2018-concacaf-resumen\/2017\/10\/\" target=\"_blank\" rel=\"noopener\">perdi\u00f3 por goleada ante Estados Unidos en el hexagonal final de <strong>Concacaf<\/strong>.<\/a><\/p>\n<blockquote class=\"twitter-video\" data-lang=\"es\">\n<p dir=\"ltr\" lang=\"es\">impresentable la actiud del &#8220;capit\u00e1n&#8221; de Panam\u00e1 Felipe Baloy contra el colega <a href=\"https:\/\/twitter.com\/Adasilva507?ref_src=twsrc%5Etfw\">@Adasilva507<\/a> del <a href=\"https:\/\/twitter.com\/elmarcadortv?ref_src=twsrc%5Etfw\">@elmarcadortv<\/a> imagenes de <a href=\"https:\/\/twitter.com\/SertvDeportes?ref_src=twsrc%5Etfw\">@SertvDeportes<\/a> <a href=\"https:\/\/t.co\/tRXt6X1v4W\">pic.twitter.com\/tRXt6X1v4W<\/a><\/p>\n<p>\u2014 Samuel Anthony (@samuelpanama) <a href=\"https:\/\/twitter.com\/samuelpanama\/status\/916493385778843650?ref_src=twsrc%5Etfw\">7 de octubre de 2017<\/a><\/p><\/blockquote>\n<p><script async src=\"\/\/platform.twitter.com\/widgets.js\" charset=\"utf-8\"><\/script><\/p>\n<p>Baloy jug\u00f3 en M\u00e9xico para <strong>Monterrey, Santos Laguna, Morelia y Atlas<\/strong>, adem\u00e1s de reforzar a las<strong> \u00c1guilas del Am\u00e9rica<\/strong> para una <strong>Copa Libertadores<\/strong>.<\/p>\n<p style=\"text-align: center;\"><span style=\"color: #333399;\"><a href=\"https:\/\/www.futboltotal.com.mx\/chicharito-frida-los-protagonistas-los-memes-del-juego-mexico\/2017\/10\/\" target=\"_blank\" rel=\"noopener\">VER M\u00c1S: Chicharito y Frida, protagonista de los memes en partido de M\u00e9xico<\/a><\/span><\/p>\n<p>&nbsp;<\/p>\n<p>&nbsp;<\/p>\n","protected":false},"excerpt":{"rendered":"<p>El central paname\u00f1o no aguant\u00f3 los cuestionamientos<\/p>\n","protected":false},"author":20,"featured_media":503502,"comment_status":"closed","ping_status":"closed","sticky":false,"template":"","format":"standard","meta":[],"categories":[3839],"tags":[282,310,1482,625,2232],"_links":{"self":[{"href":"http:\/\/desarrollo.grupomedios.com\/futbol\/wp-json\/wp\/v2\/posts\/503501"}],"collection":[{"href":"http:\/\/desarrollo.grupomedios.com\/futbol\/wp-json\/wp\/v2\/posts"}],"about":[{"href":"http:\/\/desarrollo.grupomedios.com\/futbol\/wp-json\/wp\/v2\/types\/post"}],"author":[{"embeddable":true,"href":"http:\/\/desarrollo.grupomedios.com\/futbol\/wp-json\/wp\/v2\/users\/20"}],"replies":[{"embeddable":true,"href":"http:\/\/desarrollo.grupomedios.com\/futbol\/wp-json\/wp\/v2\/comments?post=503501"}],"version-history":[{"count":1,"href":"http:\/\/desarrollo.grupomedios.com\/futbol\/wp-json\/wp\/v2\/posts\/503501\/revisions"}],"predecessor-version":[{"id":503503,"href":"http:\/\/desarrollo.grupomedios.com\/futbol\/wp-json\/wp\/v2\/posts\/503501\/revisions\/503503"}],"wp:featuredmedia":[{"embeddable":true,"href":"http:\/\/desarrollo.grupomedios.com\/futbol\/wp-json\/wp\/v2\/media\/503502"}],"wp:attachment":[{"href":"http:\/\/desarrollo.grupomedios.com\/futbol\/wp-json\/wp\/v2\/media?parent=503501"}],"wp:term":[{"taxonomy":"category","embeddable":true,"href":"http:\/\/desarrollo.grupomedios.com\/futbol\/wp-json\/wp\/v2\/categories?post=503501"},{"taxonomy":"post_tag","embeddable":true,"href":"http:\/\/desarrollo.grupomedios.com\/futbol\/wp-json\/wp\/v2\/tags?post=503501"}],"curies":[{"name":"wp","href":"https:\/\/api.w.org\/{rel}","templated":true}]}}