{"id":503554,"date":"2017-10-07T15:32:09","date_gmt":"2017-10-07T20:32:09","guid":{"rendered":"https:\/\/www.futboltotal.com.mx\/?p=503554"},"modified":"2017-10-07T15:32:09","modified_gmt":"2017-10-07T20:32:09","slug":"rafael-marquez-alma-la-asociacion-mexicana-futbolistas","status":"publish","type":"post","link":"http:\/\/desarrollo.grupomedios.com\/futbol\/destacado-home\/rafael-marquez-alma-la-asociacion-mexicana-futbolistas\/2017\/10","title":{"rendered":"Rafael M\u00e1rquez es el alma de la Asociaci\u00f3n Mexicana de Futbolistas"},"content":{"rendered":"<p>La directiva de la <strong>Asociaci\u00f3n Mexicana de Futbolistas<\/strong> destac\u00f3 al futbolista <strong>Rafael M\u00e1rquez<\/strong> como uno de los m\u00e1s importantes en la creaci\u00f3n de este grupo en pro de los derechos de todos los jugadores mexicanos que juegan en las distintas ligas, adem\u00e1s de la Selecci\u00f3n Nacional.<\/p>\n<p>Rafael M\u00e1rquez se vio envuelto en problemas con la justicia de los Estados Unidos por un supuesto v\u00ednculo con el narcotr\u00e1fico, cuesti\u00f3n que hasta la fecha lo tiene sin la posibilidad de jugar al futbol y de participar en alguno de los negocios o en este caso la AMF.<\/p>\n<p style=\"text-align: center;\"><span style=\"color: #333399;\"><a href=\"https:\/\/www.futboltotal.com.mx\/los-jugadores-somos-la-materia-prima-del-futbol-chaco-gimenez\/2017\/10\/\">VER M\u00c1S:\u00a0<span class=\"item-title\">Los jugadores somos la materia prima del futbol: \u2018Chaco\u2019 Gim\u00e9nez<\/span><\/a><\/span><\/p>\n<p>Sin embargo, <strong>\u00c1lvaro Ortiz<\/strong>, presidente operativo de la AMF, mencion\u00f3 que el papel que ha jugado Rafa en la creaci\u00f3n de la Asociaci\u00f3n ha sido notable, incluso desde lo que es conocido como la Comisi\u00f3n del Jugador.<\/p>\n<p><strong>&#8216;Chaco&#8217; Gim\u00e9nez<\/strong> fue otro de los personajes que resalt\u00f3 la labor que ha hecho el &#8216;k\u00e1iser michoacano&#8217; en pro de mejores condiciones de trabajo para todos los futbolistas integrantes de la Liga MX, Ascenso MX y la Liga Femenil MX, adem\u00e1s de la Liga Premier.<\/p>\n<p style=\"text-align: center;\"><span style=\"color: #333399;\"><a href=\"https:\/\/www.futboltotal.com.mx\/oribe-salcido-presidentes-la-asociacion-mexicana-futbolistas\/2017\/10\/\">VER M\u00c1S:\u00a0<span class=\"item-title\">Oribe y Salcido, presidentes de la Asociaci\u00f3n Mexicana de Futbolistas<\/span><\/a><\/span><\/p>\n<p><strong>Oribe Peralta<\/strong>, actual presidente de la mesa directiva de la Asociaci\u00f3n Mexicana de Futbolistas, destac\u00f3 que no ser\u00eda el titular de la misma si no fuera por los consejos que le dio Rafa durante la pelea por la creaci\u00f3n de este grupo.<\/p>\n","protected":false},"excerpt":{"rendered":"<p>El ex capit\u00e1n del Tri ha fungido como emblema del respeto que se debe tener a los futbolistas<\/p>\n","protected":false},"author":20,"featured_media":503555,"comment_status":"closed","ping_status":"closed","sticky":false,"template":"","format":"standard","meta":[],"categories":[5,2198,3845],"tags":[10509,6033],"_links":{"self":[{"href":"http:\/\/desarrollo.grupomedios.com\/futbol\/wp-json\/wp\/v2\/posts\/503554"}],"collection":[{"href":"http:\/\/desarrollo.grupomedios.com\/futbol\/wp-json\/wp\/v2\/posts"}],"about":[{"href":"http:\/\/desarrollo.grupomedios.com\/futbol\/wp-json\/wp\/v2\/types\/post"}],"author":[{"embeddable":true,"href":"http:\/\/desarrollo.grupomedios.com\/futbol\/wp-json\/wp\/v2\/users\/20"}],"replies":[{"embeddable":true,"href":"http:\/\/desarrollo.grupomedios.com\/futbol\/wp-json\/wp\/v2\/comments?post=503554"}],"version-history":[{"count":1,"href":"http:\/\/desarrollo.grupomedios.com\/futbol\/wp-json\/wp\/v2\/posts\/503554\/revisions"}],"predecessor-version":[{"id":503557,"href":"http:\/\/desarrollo.grupomedios.com\/futbol\/wp-json\/wp\/v2\/posts\/503554\/revisions\/503557"}],"wp:featuredmedia":[{"embeddable":true,"href":"http:\/\/desarrollo.grupomedios.com\/futbol\/wp-json\/wp\/v2\/media\/503555"}],"wp:attachment":[{"href":"http:\/\/desarrollo.grupomedios.com\/futbol\/wp-json\/wp\/v2\/media?parent=503554"}],"wp:term":[{"taxonomy":"category","embeddable":true,"href":"http:\/\/desarrollo.grupomedios.com\/futbol\/wp-json\/wp\/v2\/categories?post=503554"},{"taxonomy":"post_tag","embeddable":true,"href":"http:\/\/desarrollo.grupomedios.com\/futbol\/wp-json\/wp\/v2\/tags?post=503554"}],"curies":[{"name":"wp","href":"https:\/\/api.w.org\/{rel}","templated":true}]}}