{"id":503580,"date":"2017-10-07T17:38:47","date_gmt":"2017-10-07T22:38:47","guid":{"rendered":"https:\/\/www.futboltotal.com.mx\/?p=503580"},"modified":"2017-10-07T17:39:52","modified_gmt":"2017-10-07T22:39:52","slug":"retiran-violencia-a-aficionada-chivas-juego-amistoso","status":"publish","type":"post","link":"http:\/\/desarrollo.grupomedios.com\/futbol\/futbol-mexicano\/retiran-violencia-a-aficionada-chivas-juego-amistoso\/2017\/10","title":{"rendered":"Retiran con violencia a aficionada de Chivas durante juego amistoso"},"content":{"rendered":"<p>Una aficionada de las <strong>Chivas<\/strong> fue retirada con violencia, despu\u00e9s de que ingresara al campo de juego durante el final del partido amistoso entre el <strong>Guadalajara y Le\u00f3n<\/strong>.<\/p>\n<p>El partido hab\u00eda terminado con la derrota del Reba\u00f1o por 0-2 ante Le\u00f3n en el <strong>Avaya Stadium de California<\/strong>, y entonces el momento inc\u00f3modo se vivi\u00f3 en el campo.<\/p>\n<p style=\"text-align: center;\"><span style=\"color: #333399;\"><a href=\"https:\/\/www.futboltotal.com.mx\/cuauhtemoc-confiesa-los-2-clubes-en-los-que-sono-jugar\/2017\/10\/\">VER M\u00c1S:\u00a0<span class=\"item-title\">Cuauht\u00e9moc confiesa los 2 clubes en los que so\u00f1\u00f3 jugar<\/span><\/a><\/span><\/p>\n<p>La aficionada ingres\u00f3 con un celular para tomarse una selfie con algunos futbolistas como <strong>Carlos Salcido y Hedgardo Mar\u00edn<\/strong>, y en ese momento ingres\u00f3 un elemento del personal de seguridad del estadio, quien de manera agresiva la tom\u00f3 del brazo, del cuello y la jalaron.<\/p>\n<p>Esta situaci\u00f3n gener\u00f3 la molestia de los futbolistas, y de inmediato acudieron al apoyo de la seguidora del Reba\u00f1o, e incluso el jugador Hedgardo Mar\u00edn se encar\u00f3 con el oficial por la forma en c\u00f3mo tomaba a la mujer.<\/p>\n<p style=\"text-align: center;\"><span style=\"color: #333399;\"><a href=\"https:\/\/www.futboltotal.com.mx\/chivas-mal-malas-cae-en-amistoso-ante-leon\/2017\/10\/\">VER M\u00c1S:\u00a0<span class=\"item-title\">Chivas, mal y de malas, cae en amistoso ante Le\u00f3n<\/span><\/a><\/span><\/p>\n<p>Esta situaci\u00f3n gener\u00f3 mucha molestia entre el personal de las Chivas, y tambi\u00e9n parte del cuerpo t\u00e9cnico tambi\u00e9n se molest\u00f3 con el oficial de seguridad, al cual tambi\u00e9n increp\u00f3.<\/p>\n<blockquote class=\"twitter-video\" data-lang=\"es\">\n<p dir=\"ltr\" lang=\"es\">&#x1f44f;&#x1f3fb; Felicito al cuerpo t\u00e9cnico y jugadores de <a href=\"https:\/\/twitter.com\/Chivas?ref_src=twsrc%5Etfw\">@Chivas<\/a> por esta acci\u00f3n humana. Esto lo vivimos esta noche en Sn Jos\u00e9 CA <a href=\"https:\/\/twitter.com\/JFGiaccardi?ref_src=twsrc%5Etfw\">@JFGiaccardi<\/a> <a href=\"https:\/\/t.co\/Yxu2GYVSsH\">pic.twitter.com\/Yxu2GYVSsH<\/a><\/p>\n<p>\u2014 CoetoTV (@RobertoCoeto) <a href=\"https:\/\/twitter.com\/RobertoCoeto\/status\/916589449882079232?ref_src=twsrc%5Etfw\">7 de octubre de 2017<\/a><\/p><\/blockquote>\n<p><script async src=\"\/\/platform.twitter.com\/widgets.js\" charset=\"utf-8\"><\/script><\/p>\n","protected":false},"excerpt":{"rendered":"<p>Hedgardo Mar\u00edn y Carlos Salcido tuvieron que salir en defensa de la joven rojiblanca<\/p>\n","protected":false},"author":20,"featured_media":503581,"comment_status":"closed","ping_status":"closed","sticky":false,"template":"","format":"standard","meta":[],"categories":[2198,3845],"tags":[1762,70,5965,10521],"_links":{"self":[{"href":"http:\/\/desarrollo.grupomedios.com\/futbol\/wp-json\/wp\/v2\/posts\/503580"}],"collection":[{"href":"http:\/\/desarrollo.grupomedios.com\/futbol\/wp-json\/wp\/v2\/posts"}],"about":[{"href":"http:\/\/desarrollo.grupomedios.com\/futbol\/wp-json\/wp\/v2\/types\/post"}],"author":[{"embeddable":true,"href":"http:\/\/desarrollo.grupomedios.com\/futbol\/wp-json\/wp\/v2\/users\/20"}],"replies":[{"embeddable":true,"href":"http:\/\/desarrollo.grupomedios.com\/futbol\/wp-json\/wp\/v2\/comments?post=503580"}],"version-history":[{"count":2,"href":"http:\/\/desarrollo.grupomedios.com\/futbol\/wp-json\/wp\/v2\/posts\/503580\/revisions"}],"predecessor-version":[{"id":503586,"href":"http:\/\/desarrollo.grupomedios.com\/futbol\/wp-json\/wp\/v2\/posts\/503580\/revisions\/503586"}],"wp:featuredmedia":[{"embeddable":true,"href":"http:\/\/desarrollo.grupomedios.com\/futbol\/wp-json\/wp\/v2\/media\/503581"}],"wp:attachment":[{"href":"http:\/\/desarrollo.grupomedios.com\/futbol\/wp-json\/wp\/v2\/media?parent=503580"}],"wp:term":[{"taxonomy":"category","embeddable":true,"href":"http:\/\/desarrollo.grupomedios.com\/futbol\/wp-json\/wp\/v2\/categories?post=503580"},{"taxonomy":"post_tag","embeddable":true,"href":"http:\/\/desarrollo.grupomedios.com\/futbol\/wp-json\/wp\/v2\/tags?post=503580"}],"curies":[{"name":"wp","href":"https:\/\/api.w.org\/{rel}","templated":true}]}}