{"id":503582,"date":"2017-10-07T17:36:34","date_gmt":"2017-10-07T22:36:34","guid":{"rendered":"https:\/\/www.futboltotal.com.mx\/?p=503582"},"modified":"2017-10-07T17:36:34","modified_gmt":"2017-10-07T22:36:34","slug":"narrador-explota-contra-messi-forma-insolita","status":"publish","type":"post","link":"http:\/\/desarrollo.grupomedios.com\/futbol\/futbol-internacional\/narrador-explota-contra-messi-forma-insolita\/2017\/10","title":{"rendered":"Narrador explota contra Messi de forma ins\u00f3lita"},"content":{"rendered":"<p><strong>Argentina<\/strong> empat\u00f3 ante <strong>Per\u00fa<\/strong> y desat\u00f3 un sinf\u00edn de cr\u00edticas, pues no ha logrado ganar ninguno de sus \u00faltimos cuatro partidos eliminatorios para <strong>Rusia 2018.<\/strong><\/p>\n<p>Una Albiceleste en crisis requiere de un triunfo en<strong> Quito<\/strong> ante<strong> Ecuador<\/strong> para acercarse a la <strong>Copa del Mundo<\/strong>; sin embargo, en el duelo anterior ante los incas, no aprovecharon las oportunidades y bajaron en la tabla de clasificaci\u00f3n, lo que periodistas argentinos no dejaron pasar, incluso en la narraci\u00f3n del encuentro ante la impotencia de ver que no pod\u00edan marcar.<\/p>\n<p style=\"text-align: center;\"><a href=\"https:\/\/www.futboltotal.com.mx\/colombiano-se-le-niega-a-barcelona-real-madrid\/2017\/10\/\" target=\"_blank\" rel=\"noopener\">VER M\u00c1S: El colombiano que se le niega a Barcelona y Real Madrid<\/a><\/p>\n<p>El narrador de televisi\u00f3n,\u00a0<strong>Daniel Mollo<\/strong>, estall\u00f3 de forma ins\u00f3lita en plena transmisi\u00f3n, donde con insultos grit\u00f3 al &#8217;10&#8217; de Argentina, pues considera que en <strong>Barcelona<\/strong> si logra pesar y hacer jugadas al estilo &#8216;Maradona&#8217;, cosa que no se le ha visto con la Albiceleste.<\/p>\n<p><iframe loading=\"lazy\" src=\"https:\/\/www.youtube.com\/embed\/XI2WxAS1ksc?feature=oembed\" frameborder=\"0\" allowfullscreen><\/iframe><\/p>\n<p style=\"text-align: center;\"><a href=\"https:\/\/www.futboltotal.com.mx\/neymar-pidio-a-uefa-expulsar-a-barcelona-champions-league\/2017\/10\/\" target=\"_blank\" rel=\"noopener\">VER M\u00c1S: Neymar pidi\u00f3 a UEFA expulsar a Barcelona de Champions League<\/a><\/p>\n<p>&nbsp;<\/p>\n<p>&nbsp;<\/p>\n","protected":false},"excerpt":{"rendered":"<p>Argentina est\u00e1 al borde de quedarse sin Copa del Mundi<\/p>\n","protected":false},"author":20,"featured_media":503583,"comment_status":"closed","ping_status":"closed","sticky":false,"template":"","format":"standard","meta":[],"categories":[3839],"tags":[5996,1392,6012,722,2232],"_links":{"self":[{"href":"http:\/\/desarrollo.grupomedios.com\/futbol\/wp-json\/wp\/v2\/posts\/503582"}],"collection":[{"href":"http:\/\/desarrollo.grupomedios.com\/futbol\/wp-json\/wp\/v2\/posts"}],"about":[{"href":"http:\/\/desarrollo.grupomedios.com\/futbol\/wp-json\/wp\/v2\/types\/post"}],"author":[{"embeddable":true,"href":"http:\/\/desarrollo.grupomedios.com\/futbol\/wp-json\/wp\/v2\/users\/20"}],"replies":[{"embeddable":true,"href":"http:\/\/desarrollo.grupomedios.com\/futbol\/wp-json\/wp\/v2\/comments?post=503582"}],"version-history":[{"count":1,"href":"http:\/\/desarrollo.grupomedios.com\/futbol\/wp-json\/wp\/v2\/posts\/503582\/revisions"}],"predecessor-version":[{"id":503584,"href":"http:\/\/desarrollo.grupomedios.com\/futbol\/wp-json\/wp\/v2\/posts\/503582\/revisions\/503584"}],"wp:featuredmedia":[{"embeddable":true,"href":"http:\/\/desarrollo.grupomedios.com\/futbol\/wp-json\/wp\/v2\/media\/503583"}],"wp:attachment":[{"href":"http:\/\/desarrollo.grupomedios.com\/futbol\/wp-json\/wp\/v2\/media?parent=503582"}],"wp:term":[{"taxonomy":"category","embeddable":true,"href":"http:\/\/desarrollo.grupomedios.com\/futbol\/wp-json\/wp\/v2\/categories?post=503582"},{"taxonomy":"post_tag","embeddable":true,"href":"http:\/\/desarrollo.grupomedios.com\/futbol\/wp-json\/wp\/v2\/tags?post=503582"}],"curies":[{"name":"wp","href":"https:\/\/api.w.org\/{rel}","templated":true}]}}