{"id":503634,"date":"2017-10-08T12:33:34","date_gmt":"2017-10-08T17:33:34","guid":{"rendered":"https:\/\/www.futboltotal.com.mx\/?p=503634"},"modified":"2017-10-08T12:33:34","modified_gmt":"2017-10-08T17:33:34","slug":"cesar-villaluz-jugara-en-futbol-europeo","status":"publish","type":"post","link":"http:\/\/desarrollo.grupomedios.com\/futbol\/futbol-mexicano\/cesar-villaluz-jugara-en-futbol-europeo\/2017\/10","title":{"rendered":"C\u00e9sar Villaluz jugar\u00e1 en el futbol europeo"},"content":{"rendered":"<p><strong>C\u00e9sar Villaluz<\/strong>, quien fuera parte del equipo mexicano campe\u00f3n del <strong>Mundial Sub-17 del 2005<\/strong>, estar\u00e1 de regreso en las canchas y ser\u00e1 en el futbol europeo.<\/p>\n<p>El destino de <strong>Villaluz<\/strong> ser\u00e1 en el <strong>Club Polideportivo Cacere\u00f1o<\/strong> de la <strong>Tercera Divisi\u00f3n de Espa\u00f1a<\/strong>, quien lo contrat\u00f3 gracias al proyecto de IQ Futol, que pertenee al Grupo Empresarial IQ Finanzas y que busca llevar a m\u00e1s mexicanos al futbol extranjero.<\/p>\n<p style=\"text-align: center;\"><span style=\"color: #3366ff;\"><a href=\"https:\/\/www.futboltotal.com.mx\/andrea-pirlo-anuncio-retiro-del-futbol\/2017\/10\/\">VER M\u00c1S: Andrea Pirlo anunci\u00f3 su retiro del futbol<\/a><\/span><\/p>\n<blockquote class=\"twitter-tweet\" data-width=\"500\">\n<p lang=\"es\" dir=\"ltr\">1 a\u00f1o m\u00e1s <a href=\"https:\/\/twitter.com\/hashtag\/2deoctubre?src=hash&amp;ref_src=twsrc%5Etfw\">#2deoctubre<\/a> <a href=\"https:\/\/twitter.com\/hashtag\/12a%C3%B1os?src=hash&amp;ref_src=twsrc%5Etfw\">#12a\u00f1os<\/a> <a href=\"https:\/\/twitter.com\/hashtag\/campeonesdelmundo?src=hash&amp;ref_src=twsrc%5Etfw\">#campeonesdelmundo<\/a> <a href=\"https:\/\/t.co\/zPYkEtev8u\">pic.twitter.com\/zPYkEtev8u<\/a><\/p>\n<p>&mdash; VILLALUZ OFICIAL (@cesar_villaluz) <a href=\"https:\/\/twitter.com\/cesar_villaluz\/status\/914896171864399873?ref_src=twsrc%5Etfw\">October 2, 2017<\/a><\/p><\/blockquote>\n<p><script async src=\"\/\/platform.twitter.com\/widgets.js\" charset=\"utf-8\"><\/script><\/p>\n<p>El directivo del grupo empresarial, \u00c1lvaro L\u00f3pez, confes\u00f3 en entrevista con el Universal Deportes que el ex jugador de <strong>Cruz Azul<\/strong> formar\u00e1 parte del equipo ib\u00e9rico.<\/p>\n<p>&#8220;Acabamos de contratar a <strong>Villaluz<\/strong> para llevarlo a Europa, que nos ayude una temporada en el desarrollo del Cacere\u00f1o a Segunda Divisi\u00f3n, y posteriormente buscarle un club de Europa de primera categor\u00eda\u201d.<\/p>\n<p style=\"text-align: center;\"><span style=\"color: #3366ff;\"><a href=\"https:\/\/www.futboltotal.com.mx\/hondureno-carlo-costly-exploto-e-insulto-a-arbitro-mexicano\/2017\/10\/\">VER M\u00c1S: Hondure\u00f1o Carlo Costly explot\u00f3 e insult\u00f3 a \u00e1rbitro mexicano<\/a><\/span><\/p>\n<p>El mismo <strong>L\u00f3pez<\/strong> tambi\u00e9n asegur\u00f3: \u201cestamos esperando que la Federaci\u00f3n Espa\u00f1ola apruebe el contrato que C\u00e9sar ya lo tiene, y esperaremos que en una semana ya este jugando en Europa\u201d.<\/p>\n<p><strong>Villaluz<\/strong> vio cambiar su carrera futbol\u00edstica luego de una lesi\u00f3n sufrida durante la Final del Apertura 2008 entre Cruz Azul y Toluca, cuando recibi\u00f3 un fuerte golpe por parte de Jos\u00e9 Manuel Cruzalta.<\/p>\n","protected":false},"excerpt":{"rendered":"<p>El mexicano jugar\u00e1 en el futbol espa\u00f1ol.<\/p>\n","protected":false},"author":20,"featured_media":502790,"comment_status":"closed","ping_status":"closed","sticky":false,"template":"","format":"standard","meta":[],"categories":[2198,3845],"tags":[1177,3883],"_links":{"self":[{"href":"http:\/\/desarrollo.grupomedios.com\/futbol\/wp-json\/wp\/v2\/posts\/503634"}],"collection":[{"href":"http:\/\/desarrollo.grupomedios.com\/futbol\/wp-json\/wp\/v2\/posts"}],"about":[{"href":"http:\/\/desarrollo.grupomedios.com\/futbol\/wp-json\/wp\/v2\/types\/post"}],"author":[{"embeddable":true,"href":"http:\/\/desarrollo.grupomedios.com\/futbol\/wp-json\/wp\/v2\/users\/20"}],"replies":[{"embeddable":true,"href":"http:\/\/desarrollo.grupomedios.com\/futbol\/wp-json\/wp\/v2\/comments?post=503634"}],"version-history":[{"count":1,"href":"http:\/\/desarrollo.grupomedios.com\/futbol\/wp-json\/wp\/v2\/posts\/503634\/revisions"}],"predecessor-version":[{"id":503635,"href":"http:\/\/desarrollo.grupomedios.com\/futbol\/wp-json\/wp\/v2\/posts\/503634\/revisions\/503635"}],"wp:featuredmedia":[{"embeddable":true,"href":"http:\/\/desarrollo.grupomedios.com\/futbol\/wp-json\/wp\/v2\/media\/502790"}],"wp:attachment":[{"href":"http:\/\/desarrollo.grupomedios.com\/futbol\/wp-json\/wp\/v2\/media?parent=503634"}],"wp:term":[{"taxonomy":"category","embeddable":true,"href":"http:\/\/desarrollo.grupomedios.com\/futbol\/wp-json\/wp\/v2\/categories?post=503634"},{"taxonomy":"post_tag","embeddable":true,"href":"http:\/\/desarrollo.grupomedios.com\/futbol\/wp-json\/wp\/v2\/tags?post=503634"}],"curies":[{"name":"wp","href":"https:\/\/api.w.org\/{rel}","templated":true}]}}