{"id":503642,"date":"2017-10-08T13:53:06","date_gmt":"2017-10-08T18:53:06","guid":{"rendered":"https:\/\/www.futboltotal.com.mx\/?p=503642"},"modified":"2017-10-08T13:53:07","modified_gmt":"2017-10-08T18:53:07","slug":"polonia-vuelve-al-mundial-la-mano-lewandowski","status":"publish","type":"post","link":"http:\/\/desarrollo.grupomedios.com\/futbol\/destacado-home\/polonia-vuelve-al-mundial-la-mano-lewandowski\/2017\/10","title":{"rendered":"Polonia vuelve al Mundial de la mano de Lewandowski"},"content":{"rendered":"<p>Un gol de <strong>Robert Lewandowski<\/strong> a cinco minutos del final devolvi\u00f3 la ventaja a <strong>Polonia<\/strong> ante <strong>Montenegro<\/strong> (4-2) que, en cinco minutos, logr\u00f3 equilibrar una desventaja de dos goles y que termin\u00f3 superada y sin opci\u00f3n alguna de poder ir a Rusia, en medio de un final loco de partido.<\/p>\n<p>https:\/\/twitter.com\/FIFAWorldCup\/status\/917085466050138112<\/p>\n<p><strong>Polonia<\/strong> dio por hechos sus deberes al cuarto de hora de juego, cuando adquiri\u00f3 una ventaja de dos goles ante un rival inferior. A los cinco minutos, una internada de <strong>Lukasz Piszczek<\/strong> por la derecha llev\u00f3 la pelota a Piotr Zielinski, que fall\u00f3 en su remate. El bal\u00f3n termin\u00f3 en los pies de Krzysztof Maczynski, que bati\u00f3 a Danijel Petkovic.<\/p>\n<p>Diez despu\u00e9s, fue Kamil Grosicki el que marc\u00f3 el segundo tras aprovechar un pase de <strong>Robert Lewandowski<\/strong>, que recibi\u00f3 el bal\u00f3n de espaldas dentro del \u00e1rea y vio la entrada en carrera de su compa\u00f1ero.<\/p>\n<p style=\"text-align: center;\"><span style=\"color: #3366ff;\"><a href=\"https:\/\/www.futboltotal.com.mx\/cuauhtemoc-blanco-respondio-se-pondria-la-camiseta-chivas\/2017\/10\/\">VER M\u00c1S: Cuauht\u00e9moc Blanco respondi\u00f3 si se pondr\u00eda la camiseta de Chivas<\/a><\/span><\/p>\n<p>El choque decay\u00f3 despu\u00e9s aunque <strong>Montenegro<\/strong> pudo acortar distancias a la media hora con un tiro de Vladimir Jovovic que se march\u00f3 alto de la meta de <strong>Wojciech Szczesny.<\/strong><\/p>\n<p><iframe loading=\"lazy\" src=\"https:\/\/www.youtube.com\/embed\/eaD9ZqhKJdI?feature=oembed\" frameborder=\"0\" allowfullscreen><\/iframe><\/p>\n<p>La historia del encuentro pareci\u00f3 escrita. <strong>Polonia<\/strong> buscaba m\u00e1s goles. Especialmente para agrandar las cifras de su delantero. Montenegro creci\u00f3 y su reacci\u00f3n dinamit\u00f3 el partido.<\/p>\n<p>En el 78, un gol de chilena de Stefan Mugosa, que un minutos antes salt\u00f3 al campo en sustituci\u00f3n de Vladimir Jovocic, alent\u00f3 las esperanzas montenegrinas, que logr\u00f3 el empate poco despu\u00e9s, en una jugada dentro del \u00e1rea de Fatos Beciraj que envi\u00f3 el bal\u00f3n hacia la media luna, donde apareci\u00f3 Zarko Tomasevic para enviar un disparo que super\u00f3 a <strong>Wojciech Szczesny<\/strong>.<\/p>\n<p>El cuadro balc\u00e1nico se lanz\u00f3 a por el triunfo. Pero los errores defensivos, de bulto, le terminaron por condenar. Fue entonces cuando apareci\u00f3 <strong>Lewandowsky<\/strong>, que aprovech\u00f3 una mala cesi\u00f3n de Nemanja Mijuskovic a su portero que intercept\u00f3 el delantero del Bayern M\u00fanich para volver a poner por delante a Polonia, que logr\u00f3 el cuarto a continuaci\u00f3n gracias a un autogol de Filip Stojkovic en una acci\u00f3n de infortunio.<\/p>\n","protected":false},"excerpt":{"rendered":"<p>Los polacos regresan a un Mundial tras 12 a\u00f1os.<\/p>\n","protected":false},"author":144,"featured_media":503643,"comment_status":"closed","ping_status":"closed","sticky":false,"template":"","format":"standard","meta":[],"categories":[5,3839],"tags":[8393,3787,1296,6038],"_links":{"self":[{"href":"http:\/\/desarrollo.grupomedios.com\/futbol\/wp-json\/wp\/v2\/posts\/503642"}],"collection":[{"href":"http:\/\/desarrollo.grupomedios.com\/futbol\/wp-json\/wp\/v2\/posts"}],"about":[{"href":"http:\/\/desarrollo.grupomedios.com\/futbol\/wp-json\/wp\/v2\/types\/post"}],"author":[{"embeddable":true,"href":"http:\/\/desarrollo.grupomedios.com\/futbol\/wp-json\/wp\/v2\/users\/144"}],"replies":[{"embeddable":true,"href":"http:\/\/desarrollo.grupomedios.com\/futbol\/wp-json\/wp\/v2\/comments?post=503642"}],"version-history":[{"count":1,"href":"http:\/\/desarrollo.grupomedios.com\/futbol\/wp-json\/wp\/v2\/posts\/503642\/revisions"}],"predecessor-version":[{"id":503644,"href":"http:\/\/desarrollo.grupomedios.com\/futbol\/wp-json\/wp\/v2\/posts\/503642\/revisions\/503644"}],"wp:featuredmedia":[{"embeddable":true,"href":"http:\/\/desarrollo.grupomedios.com\/futbol\/wp-json\/wp\/v2\/media\/503643"}],"wp:attachment":[{"href":"http:\/\/desarrollo.grupomedios.com\/futbol\/wp-json\/wp\/v2\/media?parent=503642"}],"wp:term":[{"taxonomy":"category","embeddable":true,"href":"http:\/\/desarrollo.grupomedios.com\/futbol\/wp-json\/wp\/v2\/categories?post=503642"},{"taxonomy":"post_tag","embeddable":true,"href":"http:\/\/desarrollo.grupomedios.com\/futbol\/wp-json\/wp\/v2\/tags?post=503642"}],"curies":[{"name":"wp","href":"https:\/\/api.w.org\/{rel}","templated":true}]}}