{"id":503667,"date":"2017-10-08T17:49:58","date_gmt":"2017-10-08T22:49:58","guid":{"rendered":"https:\/\/www.futboltotal.com.mx\/?p=503667"},"modified":"2017-10-08T17:49:58","modified_gmt":"2017-10-08T22:49:58","slug":"keylor-navas-rapo-al-tecnico-costa-rica-tras-pase-al-mundial","status":"publish","type":"post","link":"http:\/\/desarrollo.grupomedios.com\/futbol\/videos\/keylor-navas-rapo-al-tecnico-costa-rica-tras-pase-al-mundial\/2017\/10","title":{"rendered":"Keylor Navas rap\u00f3 al t\u00e9cnico de Costa Rica tras pase al Mundial"},"content":{"rendered":"<p>Luego de <span style=\"color: #3366ff;\"><a href=\"https:\/\/www.futboltotal.com.mx\/costa-rica-1-honduras-1-eliminatoria-rusia-2018-concacaf-resumen\/2017\/10\/\">empate que consigui\u00f3 Costa Rica ante Honduras<\/a><\/span> para poder asegurar su pase a la Copa del Mundo de Rusia 2018, Keylor Navas aprovech\u00f3 el momento para festejar con sus compa\u00f1eros y entrenador.<\/p>\n<p>Dentro de los vestidores del estadio Nacional, <strong>Navas<\/strong> se encarg\u00f3 de celebrar y ser el encargado de rapar a su entrenador, \u00d3scar Ram\u00edrez.<\/p>\n<p style=\"text-align: center;\"><span style=\"color: #3366ff;\"><a href=\"https:\/\/www.futboltotal.com.mx\/egipto-2-1-congo-eliminatorias-africa-resumen\/2017\/10\/\">VER M\u00c1S: \u00a1Egipto consigue dram\u00e1tico pase a Rusia 2018!<\/a><\/span><\/p>\n<blockquote class=\"twitter-tweet\" data-data-dnt=\"true\">\n<p lang=\"es\" dir=\"ltr\">\ud83c\udfa5 <a href=\"https:\/\/twitter.com\/NavasKeylor?ref_src=twsrc%5Etfw\">@NavasKeylor<\/a>\u200b fue el encargado de rapar a su DT Oscar Ram\u00edrez, luego de conseguir el pase a la <a href=\"https:\/\/twitter.com\/FIFAWorldCup?ref_src=twsrc%5Etfw\">@FIFAWorldCup<\/a>\u200b de Rusia 2018. <a href=\"https:\/\/t.co\/yNPz8ppCj7\">pic.twitter.com\/yNPz8ppCj7<\/a><\/p>\n<p>&mdash; Telemundo Deportes (@TelemundoSports) <a href=\"https:\/\/twitter.com\/TelemundoSports\/status\/916868140893724672?ref_src=twsrc%5Etfw\">October 8, 2017<\/a><\/p><\/blockquote>\n<p><script async src=\"https:\/\/platform.twitter.com\/widgets.js\" charset=\"utf-8\"><\/script><\/p>\n<p>La celebraci\u00f3n por la clasificaci\u00f3n de los ticos tambi\u00e9n fue llevada por los aficionados a las calles de San Jos\u00e9, la capital, donde se vivi\u00f3 una gran fiesta.\u00d3scar Ram\u00edrez dirige la selecci\u00f3n de Costa Rica desde 2015. El Mundial de Rusia ser\u00e1 el sexto en el que participen los ticos.<\/p>\n","protected":false},"excerpt":{"rendered":"<p>El arquero del Madrid festej\u00f3 con todo su equipo.<\/p>\n","protected":false},"author":20,"featured_media":503668,"comment_status":"closed","ping_status":"closed","sticky":false,"template":"","format":"standard","meta":[],"categories":[3839,4],"tags":[213,5590],"_links":{"self":[{"href":"http:\/\/desarrollo.grupomedios.com\/futbol\/wp-json\/wp\/v2\/posts\/503667"}],"collection":[{"href":"http:\/\/desarrollo.grupomedios.com\/futbol\/wp-json\/wp\/v2\/posts"}],"about":[{"href":"http:\/\/desarrollo.grupomedios.com\/futbol\/wp-json\/wp\/v2\/types\/post"}],"author":[{"embeddable":true,"href":"http:\/\/desarrollo.grupomedios.com\/futbol\/wp-json\/wp\/v2\/users\/20"}],"replies":[{"embeddable":true,"href":"http:\/\/desarrollo.grupomedios.com\/futbol\/wp-json\/wp\/v2\/comments?post=503667"}],"version-history":[{"count":1,"href":"http:\/\/desarrollo.grupomedios.com\/futbol\/wp-json\/wp\/v2\/posts\/503667\/revisions"}],"predecessor-version":[{"id":503669,"href":"http:\/\/desarrollo.grupomedios.com\/futbol\/wp-json\/wp\/v2\/posts\/503667\/revisions\/503669"}],"wp:featuredmedia":[{"embeddable":true,"href":"http:\/\/desarrollo.grupomedios.com\/futbol\/wp-json\/wp\/v2\/media\/503668"}],"wp:attachment":[{"href":"http:\/\/desarrollo.grupomedios.com\/futbol\/wp-json\/wp\/v2\/media?parent=503667"}],"wp:term":[{"taxonomy":"category","embeddable":true,"href":"http:\/\/desarrollo.grupomedios.com\/futbol\/wp-json\/wp\/v2\/categories?post=503667"},{"taxonomy":"post_tag","embeddable":true,"href":"http:\/\/desarrollo.grupomedios.com\/futbol\/wp-json\/wp\/v2\/tags?post=503667"}],"curies":[{"name":"wp","href":"https:\/\/api.w.org\/{rel}","templated":true}]}}