{"id":503670,"date":"2017-10-08T18:20:20","date_gmt":"2017-10-08T23:20:20","guid":{"rendered":"https:\/\/www.futboltotal.com.mx\/?p=503670"},"modified":"2017-10-08T18:20:20","modified_gmt":"2017-10-08T23:20:20","slug":"raul-jimenez-presume-regreso-a-casa-america","status":"publish","type":"post","link":"http:\/\/desarrollo.grupomedios.com\/futbol\/futbol-mexicano\/raul-jimenez-presume-regreso-a-casa-america\/2017\/10","title":{"rendered":"Ra\u00fal Jim\u00e9nez presume su regreso a casa con Am\u00e9rica"},"content":{"rendered":"<p>Luego del triunfo ante <strong>Trinidad y Tobago<\/strong>, los jugadores de la <strong>Selecci\u00f3n Mexicana<\/strong> recibieron descanso antes de viajar rumbo a Honduras y uno de los que aprovech\u00f3 el d\u00eda libre fue <strong>Ra\u00fal Jim\u00e9nez<\/strong>.<\/p>\n<p>El delantero del Benfica estuvo de visita en coapa para visitar las instalaciones del <strong>Am\u00e9rica<\/strong>, club de sus amores y que se encuentra en Estados Unidos disputando un partido amistoso ante el <strong>Atlas<\/strong>.<\/p>\n<p>Es por ello que Jim\u00e9nez no dej\u00f3 pasar el momento y presumi\u00f3 su visita al nido de las <em>\u00c1guilas.<\/em><\/p>\n<p style=\"text-align: center;\"><span style=\"color: #3366ff;\"><a href=\"https:\/\/www.futboltotal.com.mx\/keylor-navas-rapo-al-tecnico-costa-rica-tras-pase-al-mundial\/2017\/10\/\">VER M\u00c1S: Keylor Navas rap\u00f3 al t\u00e9cnico de Costa Rica tras pase al Mundial<\/a><\/span><\/p>\n<p>https:\/\/twitter.com\/Raul_Jimenez9\/status\/917136842117480450<\/p>\n<p>Jim\u00e9nez jug\u00f3 seis torneos completos con el Am\u00e9rica y fue pieza clave para conseguir el t\u00edtulo del Clausura 2013, haciendo una gran pareja con el ecuatoriano Christian Ben\u00edtez.<\/p>\n","protected":false},"excerpt":{"rendered":"<p>El delantero del Benfica presumi\u00f3 el nuevo jersey del Am\u00e9rica.<\/p>\n","protected":false},"author":20,"featured_media":499417,"comment_status":"closed","ping_status":"closed","sticky":false,"template":"","format":"standard","meta":[],"categories":[2198,3845],"tags":[5959,64,742],"_links":{"self":[{"href":"http:\/\/desarrollo.grupomedios.com\/futbol\/wp-json\/wp\/v2\/posts\/503670"}],"collection":[{"href":"http:\/\/desarrollo.grupomedios.com\/futbol\/wp-json\/wp\/v2\/posts"}],"about":[{"href":"http:\/\/desarrollo.grupomedios.com\/futbol\/wp-json\/wp\/v2\/types\/post"}],"author":[{"embeddable":true,"href":"http:\/\/desarrollo.grupomedios.com\/futbol\/wp-json\/wp\/v2\/users\/20"}],"replies":[{"embeddable":true,"href":"http:\/\/desarrollo.grupomedios.com\/futbol\/wp-json\/wp\/v2\/comments?post=503670"}],"version-history":[{"count":1,"href":"http:\/\/desarrollo.grupomedios.com\/futbol\/wp-json\/wp\/v2\/posts\/503670\/revisions"}],"predecessor-version":[{"id":503673,"href":"http:\/\/desarrollo.grupomedios.com\/futbol\/wp-json\/wp\/v2\/posts\/503670\/revisions\/503673"}],"wp:featuredmedia":[{"embeddable":true,"href":"http:\/\/desarrollo.grupomedios.com\/futbol\/wp-json\/wp\/v2\/media\/499417"}],"wp:attachment":[{"href":"http:\/\/desarrollo.grupomedios.com\/futbol\/wp-json\/wp\/v2\/media?parent=503670"}],"wp:term":[{"taxonomy":"category","embeddable":true,"href":"http:\/\/desarrollo.grupomedios.com\/futbol\/wp-json\/wp\/v2\/categories?post=503670"},{"taxonomy":"post_tag","embeddable":true,"href":"http:\/\/desarrollo.grupomedios.com\/futbol\/wp-json\/wp\/v2\/tags?post=503670"}],"curies":[{"name":"wp","href":"https:\/\/api.w.org\/{rel}","templated":true}]}}