{"id":503695,"date":"2017-10-09T08:35:08","date_gmt":"2017-10-09T13:35:08","guid":{"rendered":"https:\/\/www.futboltotal.com.mx\/?p=503695"},"modified":"2017-10-12T11:45:31","modified_gmt":"2017-10-12T16:45:31","slug":"psv-eindhoven-recibe-al-pachuca-en-cierre-gira-europea","status":"publish","type":"post","link":"http:\/\/desarrollo.grupomedios.com\/futbol\/futbol-mexicano\/liga-mx\/psv-eindhoven-recibe-al-pachuca-en-cierre-gira-europea\/2017\/10","title":{"rendered":"PSV Eindhoven recibe al Pachuca en el cierre de su gira europea"},"content":{"rendered":"<p><strong>PSV Eindhoven<\/strong> recibe al <strong>Pachuca<\/strong> en el Philips Stadion este lunes 9 de octubre en el \u00faltimo partido del conjunto mexicano en su mini gira por territorio europeo.<\/p>\n<p>El equipo mexicano quiso aprovechar los partidos de la <strong>Fecha FIFA<\/strong> para mantener ritmo dentro de la <strong>Liga M<\/strong>X y seguir prepar\u00e1ndose para el <strong>Mundial de Clubes<\/strong> que jugar\u00e1n el pr\u00f3ximo mes de diciembre en Jap\u00f3n.<\/p>\n<p>https:\/\/twitter.com\/Tuzos\/status\/917201490866954241<\/p>\n<p>En su primer partido <strong>Pachuca<\/strong> termin\u00f3 <a href=\"https:\/\/www.futboltotal.com.mx\/cronica-resultado-celta-de-vigo-4-3-pachuca-amistoso\/2017\/10\/\" target=\"_blank\" rel=\"noopener\">ca<span style=\"color: #3366ff;\">yendo 4-3 ante el Celta de Vigo<\/span><\/a> luego de haberse ido arriba en el marcador con un 1-3 y dejar escapar el partido en los \u00faltimos minutos.<\/p>\n<p>Ahora <a href=\"https:\/\/www.futboltotal.com.mx\/psv-eindhoven-vs-pachuca-cf-amistoso-internacional-al-minuto\/2017\/10\/\" target=\"_blank\" rel=\"noopener\"><span style=\"color: #333399;\">el rival ser\u00e1 el <strong>PSV Eindhoven<\/strong><\/span><\/a>, equipo con el que los Tuzos negociaron el pase de <strong>Hirving Lozano<\/strong> y donde el mexicano se ha encargado de llevar al equipo al hombro con sus seis goles.<\/p>\n<p>El <strong>PSV<\/strong> se encuentra como l\u00edder de la <strong>Eredivise<\/strong> con 18 puntos, producto de 6 partidos ganados y 1 perdido. Dentro de esos encuentros, el <strong>Chucky Lozano<\/strong> ha estado como goleador al marcar 6 tantos, aunque en esta ocasi\u00f3n no estar\u00e1 por concentrarse con la <strong>Selecci\u00f3n Mexicana<\/strong>.<\/p>\n<p>No olvides seguir las acciones del duelo entre el <strong>PSV Eindhoven vs Pachuca<\/strong> este lunes 9 de octubre en punto de las 12:00 horas, con <a href=\"https:\/\/www.futboltotal.com.mx\/psv-eindhoven-vs-pachuca-cf-amistoso-internacional-al-minuto\/2017\/10\/\" target=\"_blank\" rel=\"noopener\"><span style=\"color: #333399;\">el minuto a minuto de <strong>Futbol Total<\/strong><\/span><\/a>.<\/p>\n<p>&nbsp;<\/p>\n","protected":false},"excerpt":{"rendered":"<p>Los Tuzos cierran su mini gira por Europa ante los &#8216;Granjeros&#8217;.<\/p>\n","protected":false},"author":129,"featured_media":503696,"comment_status":"closed","ping_status":"closed","sticky":false,"template":"","format":"standard","meta":[],"categories":[3845],"tags":[8407,5968,3224],"_links":{"self":[{"href":"http:\/\/desarrollo.grupomedios.com\/futbol\/wp-json\/wp\/v2\/posts\/503695"}],"collection":[{"href":"http:\/\/desarrollo.grupomedios.com\/futbol\/wp-json\/wp\/v2\/posts"}],"about":[{"href":"http:\/\/desarrollo.grupomedios.com\/futbol\/wp-json\/wp\/v2\/types\/post"}],"author":[{"embeddable":true,"href":"http:\/\/desarrollo.grupomedios.com\/futbol\/wp-json\/wp\/v2\/users\/129"}],"replies":[{"embeddable":true,"href":"http:\/\/desarrollo.grupomedios.com\/futbol\/wp-json\/wp\/v2\/comments?post=503695"}],"version-history":[{"count":3,"href":"http:\/\/desarrollo.grupomedios.com\/futbol\/wp-json\/wp\/v2\/posts\/503695\/revisions"}],"predecessor-version":[{"id":503705,"href":"http:\/\/desarrollo.grupomedios.com\/futbol\/wp-json\/wp\/v2\/posts\/503695\/revisions\/503705"}],"wp:featuredmedia":[{"embeddable":true,"href":"http:\/\/desarrollo.grupomedios.com\/futbol\/wp-json\/wp\/v2\/media\/503696"}],"wp:attachment":[{"href":"http:\/\/desarrollo.grupomedios.com\/futbol\/wp-json\/wp\/v2\/media?parent=503695"}],"wp:term":[{"taxonomy":"category","embeddable":true,"href":"http:\/\/desarrollo.grupomedios.com\/futbol\/wp-json\/wp\/v2\/categories?post=503695"},{"taxonomy":"post_tag","embeddable":true,"href":"http:\/\/desarrollo.grupomedios.com\/futbol\/wp-json\/wp\/v2\/tags?post=503695"}],"curies":[{"name":"wp","href":"https:\/\/api.w.org\/{rel}","templated":true}]}}