{"id":503714,"date":"2017-10-09T09:48:12","date_gmt":"2017-10-09T14:48:12","guid":{"rendered":"https:\/\/www.futboltotal.com.mx\/?p=503714"},"modified":"2017-10-09T09:48:12","modified_gmt":"2017-10-09T14:48:12","slug":"infantino-injusto-messi-se-retire-sin-ganar-mundial","status":"publish","type":"post","link":"http:\/\/desarrollo.grupomedios.com\/futbol\/futbol-internacional\/infantino-injusto-messi-se-retire-sin-ganar-mundial\/2017\/10","title":{"rendered":"Infantino: &#8220;Ser\u00eda injusto que Messi se retire sin ganar Mundial&#8221;"},"content":{"rendered":"<p class=\"DETALLE_N_titulo \">El presidente de la FIFA, <strong>Gianni Infantino<\/strong>, dijo en una entrevista publicada que &#8220;ser\u00eda injusto&#8221; que <strong>Leo Messi<\/strong> se retirase sin haber ganado un <strong>Mundial<\/strong> y asever\u00f3 que el capit\u00e1n de la <em>Albiceleste<\/em> &#8220;es uno de los actores principales y absolutos del f\u00fatbol de hoy&#8221;, alguien &#8220;que hace enamorar&#8221;.<\/p>\n<p class=\"DETALLE_N_titulo \">En una entrevista con el diario La Naci\u00f3n, el italo-suizo afirm\u00f3 que el delantero del <strong>F\u00fatbol Club Barcelona<\/strong> es &#8220;extraordinario&#8221; y opin\u00f3 que junto al tambi\u00e9n astro argentino <strong>Diego Armando Maradona<\/strong> ha marcado &#8220;una \u00e9poca&#8221;.<\/p>\n<p class=\"DETALLE_N_titulo \">&#8220;Los 80 y los 90 fueron de Maradona, estos \u00faltimos diez a\u00f1os, de Messi. Por supuesto, Maradona gan\u00f3 tambi\u00e9n un Mundial. S\u00ed, Messi todav\u00eda tiene que ganar un Mundial&#8221;, reiter\u00f3.<\/p>\n<p style=\"text-align: center;\"><a href=\"https:\/\/www.futboltotal.com.mx\/pachuca-jugara-ante-rival-africa-en-mundial-de-clubes\/2017\/10\/\" target=\"_blank\" rel=\"noopener\"><span style=\"color: #333399;\">VER M\u00c1S: Pachuca jugar\u00e1 ante rival de \u00c1frica en el Mundial de Clubes<\/span><\/a><\/p>\n<p class=\"DETALLE_N_titulo \">Estas declaraciones se dan apenas un d\u00eda antes de que el seleccionado argentino afronte en Quito un determinante encuentro ante Ecuador para poder clasificarse para la Copa del Mundo de Rusia de 2018.<\/p>\n<p class=\"DETALLE_N_titulo \">A la pregunta de si ser\u00eda injusto que Messi, de 30 a\u00f1os de edad, se retirara sin haber llegado a ganar un Mundial, Infantino, entre risas, fue tajante.<\/p>\n<p class=\"DETALLE_N_titulo \">&#8220;Ser\u00eda injusto. Bueno, se gana Mundiales si se merece. Hay que ver qui\u00e9n lo merece m\u00e1s en el 2018, en el 2022. Y es as\u00ed, tenemos much\u00edsimos grandes jugadores que no ganaron el Mundial, tenemos muchos jugadores no tan grandes que s\u00ed ganaron el Mundial. Eso es la belleza del f\u00fatbol&#8221;, indic\u00f3 el presidente del mayor organismo del f\u00fatbol mundial.<\/p>\n<p class=\"DETALLE_N_titulo \"><span id=\"ctl14_lblMostra\">En este sentido, Infantino augur\u00f3 que &#8220;puede ser&#8221; que Messi llegue al Mundial de Catar de 2022.\u00a0<\/span><span id=\"ctl14_lblMostra\">&#8220;Cuando lo vemos jugar parece que nadie lo puede tocar. Nunca se rompe, nunca se enferma. Y es tan r\u00e1pido que, aunque quieran pegarle, no pueden&#8221;, continu\u00f3.<\/span><\/p>\n<p style=\"text-align: center;\"><a href=\"https:\/\/www.futboltotal.com.mx\/estos-jugadores-mexico-podrian-perderse-debut-en-rusia-2018\/2017\/10\/\" target=\"_blank\" rel=\"noopener\"><span style=\"color: #333399;\">VER M\u00c1S: Estos jugadores de M\u00e9xico se podr\u00edan perder debut en Mundial Rusia 2018<\/span><\/a><\/p>\n<p class=\"DETALLE_N_titulo \">As\u00ed y tanto, argument\u00f3 que &#8220;por supuesto&#8221; el rosarino es &#8220;uno de los actores principales y absolutos del f\u00fatbol de hoy&#8221;, alguien que a su juicio &#8220;hace enamorar&#8221;, que juega de una manera &#8220;absolutamente incre\u00edble&#8221;.<\/p>\n<p class=\"DETALLE_N_titulo \">Por otro lado, el italo-suizo se explay\u00f3 sobre la figura de Maradona. &#8220;La primera vez que vi a Maradona fue por televisi\u00f3n, en el Mundial 82, el que gan\u00f3 Italia. No fue su mejor Mundial, pero igual me enamor\u00e9&#8221;, indic\u00f3.<\/p>\n<p class=\"DETALLE_N_titulo \">Record\u00f3 adem\u00e1s que el <strong><em>Pelusa<\/em><\/strong> colabora con la FIFA y ha sido &#8220;un jugador absolutamente incre\u00edble&#8221; por lo que hizo en el N\u00e1poles y tambi\u00e9n con Argentina.<\/p>\n<p class=\"DETALLE_N_titulo \">&#8220;Gan\u00f3 t\u00edtulos solo, casi. \u00c9l marcaba la diferencia. M\u00e1gico, m\u00e1gico. Lo que hizo Diego por el f\u00fatbol es, para m\u00ed, algo que tenemos que respetar todos y que ning\u00fan directivo o presidente lograr\u00edamos&#8221;, matiz\u00f3.<\/p>\n<p class=\"DETALLE_N_titulo \">&#8220;\u00c9l nos hizo enamorar del f\u00fatbol; argentinos o no, hinchas del Napoles o no. Da igual: todos estamos enamorados de \u00e9l&#8221;, dijo, y recalc\u00f3 que conf\u00eda en \u00e9l porque le adora y es &#8220;una de esas leyendas que hizo much\u00edsimo para el f\u00fatbol y esto se tiene que respetar&#8221;. Para \u00e9l, destac\u00f3, es &#8220;un \u00eddolo&#8221; y &#8220;un amigo&#8221;.<\/p>\n<p class=\"DETALLE_N_titulo \">En cuanto a la funci\u00f3n de Maradona en la FIFA, aclar\u00f3 que es &#8220;un embajador&#8221; y &#8220;un amigo&#8221; del organismo.<\/p>\n<p class=\"DETALLE_N_titulo \">&#8220;Una persona importante en el mundo de la FIFA. Porque la FIFA quiere volver a ser f\u00fatbol y si queremos ser f\u00fatbol tenemos que incluir a las leyendas&#8221;, afirm\u00f3, y matiz\u00f3 que el ex astro &#8220;cobra los gastos, pero no tiene un contrato&#8221;.<\/p>\n","protected":false},"excerpt":{"rendered":"<p>El presidente de la FIFA hizo pol\u00e9micas declaraciones para medios argentinos.<\/p>\n","protected":false},"author":144,"featured_media":503715,"comment_status":"closed","ping_status":"closed","sticky":false,"template":"","format":"standard","meta":[],"categories":[3839],"tags":[6830,5253,6012,249,133,2232],"_links":{"self":[{"href":"http:\/\/desarrollo.grupomedios.com\/futbol\/wp-json\/wp\/v2\/posts\/503714"}],"collection":[{"href":"http:\/\/desarrollo.grupomedios.com\/futbol\/wp-json\/wp\/v2\/posts"}],"about":[{"href":"http:\/\/desarrollo.grupomedios.com\/futbol\/wp-json\/wp\/v2\/types\/post"}],"author":[{"embeddable":true,"href":"http:\/\/desarrollo.grupomedios.com\/futbol\/wp-json\/wp\/v2\/users\/144"}],"replies":[{"embeddable":true,"href":"http:\/\/desarrollo.grupomedios.com\/futbol\/wp-json\/wp\/v2\/comments?post=503714"}],"version-history":[{"count":1,"href":"http:\/\/desarrollo.grupomedios.com\/futbol\/wp-json\/wp\/v2\/posts\/503714\/revisions"}],"predecessor-version":[{"id":503716,"href":"http:\/\/desarrollo.grupomedios.com\/futbol\/wp-json\/wp\/v2\/posts\/503714\/revisions\/503716"}],"wp:featuredmedia":[{"embeddable":true,"href":"http:\/\/desarrollo.grupomedios.com\/futbol\/wp-json\/wp\/v2\/media\/503715"}],"wp:attachment":[{"href":"http:\/\/desarrollo.grupomedios.com\/futbol\/wp-json\/wp\/v2\/media?parent=503714"}],"wp:term":[{"taxonomy":"category","embeddable":true,"href":"http:\/\/desarrollo.grupomedios.com\/futbol\/wp-json\/wp\/v2\/categories?post=503714"},{"taxonomy":"post_tag","embeddable":true,"href":"http:\/\/desarrollo.grupomedios.com\/futbol\/wp-json\/wp\/v2\/tags?post=503714"}],"curies":[{"name":"wp","href":"https:\/\/api.w.org\/{rel}","templated":true}]}}