{"id":503717,"date":"2017-10-09T10:20:15","date_gmt":"2017-10-09T15:20:15","guid":{"rendered":"https:\/\/www.futboltotal.com.mx\/?p=503717"},"modified":"2017-10-09T10:20:15","modified_gmt":"2017-10-09T15:20:15","slug":"salvador-cabanas-sera-investido-al-salon-la-fama-toluca","status":"publish","type":"post","link":"http:\/\/desarrollo.grupomedios.com\/futbol\/futbol-mexicano\/salvador-cabanas-sera-investido-al-salon-la-fama-toluca\/2017\/10","title":{"rendered":"Salvador Caba\u00f1as ser\u00e1 investido al Sal\u00f3n de la Fama de&#8230; \u00bfToluca?"},"content":{"rendered":"<p>El ex futbolista paraguayo <strong>Salvador Caba\u00f1as<\/strong> se encuentra en M\u00e9xico debido a que ser\u00e1 honrado por su exitosa trayectoria en la Liga MX como goleador de <strong>Jaguares de Chiapas<\/strong> y del <strong>Am\u00e9rica<\/strong>, aunque el homenaje lo recibir\u00e1 por parte de Toluca, mas no el equipo de Primera Divisi\u00f3n.<\/p>\n<p>El ex delantero de las <em><strong>\u00c1guilas<\/strong><\/em> y de la selecci\u00f3n de <strong>Paraguay<\/strong> ser\u00e1 inducido al <strong>Sal\u00f3n de la Fama del Deporte en Toluca<\/strong>, que busca destacar a deportistas notables de distintas disciplinas a nivel estatal, nacional y mundial.<\/p>\n<p>&#8220;Estoy contento de ser parte de esto. Yo creo que muchos jugadores han hecho historia en M\u00e9xico y en este club (<strong>Am\u00e9rica<\/strong>), yo estoy muy agradecido con la gente, con la directiva y tengo que agradecer que me hayan tomado en cuenta&#8221;, declar\u00f3 para el diario R\u00e9cord.<\/p>\n<p style=\"text-align: center;\"><a href=\"https:\/\/www.futboltotal.com.mx\/cabanas-regresara-a-las-canchas-beneficio-chiapas\/2017\/09\/\" target=\"_blank\" rel=\"noopener\"><span style=\"color: #333399;\">VER M\u00c1S: Caba\u00f1as regres\u00f3 a las canchas en juego a beneficio de Chiapas<\/span><\/a><\/p>\n<p>Caba\u00f1as tuvo una carrera como futbolista profesional de cerca de 12 a\u00f1os, debutando en Paraguay con el <strong>12 de Octubre<\/strong>, pasando por <strong>Guaran\u00ed<\/strong> y <strong>Audax Italiano<\/strong> en Chile antes de llegar a M\u00e9xico con Jaguares y de ah\u00ed pasar al Am\u00e9rica.<\/p>\n<p>Sin embargo, en 2010 se vio involucrado en una pelea en el antro conocido como el &#8216;Bar Bar&#8217; en la que recibi\u00f3 un balazo en la cabeza. Afortunadamente salv\u00f3 la vida, pero sufri\u00f3 secuelas que no le permitieron seguir en el futbol, aunque intent\u00f3 regresar a las canchas con distintos clubes de varias categor\u00edas, finalmente colgando los botines en 2014.<\/p>\n","protected":false},"excerpt":{"rendered":"<p>El ex goleador paraguayo ser\u00e1 reconocido por su exitosa trayectoria.<\/p>\n","protected":false},"author":20,"featured_media":503718,"comment_status":"closed","ping_status":"closed","sticky":false,"template":"","format":"standard","meta":[],"categories":[2198,3845],"tags":[3883,1512,64,10535,951,5975],"_links":{"self":[{"href":"http:\/\/desarrollo.grupomedios.com\/futbol\/wp-json\/wp\/v2\/posts\/503717"}],"collection":[{"href":"http:\/\/desarrollo.grupomedios.com\/futbol\/wp-json\/wp\/v2\/posts"}],"about":[{"href":"http:\/\/desarrollo.grupomedios.com\/futbol\/wp-json\/wp\/v2\/types\/post"}],"author":[{"embeddable":true,"href":"http:\/\/desarrollo.grupomedios.com\/futbol\/wp-json\/wp\/v2\/users\/20"}],"replies":[{"embeddable":true,"href":"http:\/\/desarrollo.grupomedios.com\/futbol\/wp-json\/wp\/v2\/comments?post=503717"}],"version-history":[{"count":1,"href":"http:\/\/desarrollo.grupomedios.com\/futbol\/wp-json\/wp\/v2\/posts\/503717\/revisions"}],"predecessor-version":[{"id":503719,"href":"http:\/\/desarrollo.grupomedios.com\/futbol\/wp-json\/wp\/v2\/posts\/503717\/revisions\/503719"}],"wp:featuredmedia":[{"embeddable":true,"href":"http:\/\/desarrollo.grupomedios.com\/futbol\/wp-json\/wp\/v2\/media\/503718"}],"wp:attachment":[{"href":"http:\/\/desarrollo.grupomedios.com\/futbol\/wp-json\/wp\/v2\/media?parent=503717"}],"wp:term":[{"taxonomy":"category","embeddable":true,"href":"http:\/\/desarrollo.grupomedios.com\/futbol\/wp-json\/wp\/v2\/categories?post=503717"},{"taxonomy":"post_tag","embeddable":true,"href":"http:\/\/desarrollo.grupomedios.com\/futbol\/wp-json\/wp\/v2\/tags?post=503717"}],"curies":[{"name":"wp","href":"https:\/\/api.w.org\/{rel}","templated":true}]}}