{"id":503720,"date":"2017-10-09T10:31:16","date_gmt":"2017-10-09T15:31:16","guid":{"rendered":"https:\/\/www.futboltotal.com.mx\/?p=503720"},"modified":"2017-10-09T10:31:16","modified_gmt":"2017-10-09T15:31:16","slug":"wenger-barcelona-debe-invitado-a-la-premier-league","status":"publish","type":"post","link":"http:\/\/desarrollo.grupomedios.com\/futbol\/futbol-internacional\/wenger-barcelona-debe-invitado-a-la-premier-league\/2017\/10","title":{"rendered":"Para Wenger, Barcelona no debe ser invitado a la Premier League"},"content":{"rendered":"<div id=\"texto\" class=\"texto_txt\">\n<div class=\"DETALLE_N_texto \">\n<p><span id=\"ctl14_lblMostra\">El entrenador del <strong>Arsenal<\/strong>, el franc\u00e9s <strong>Ars\u00e8ne Wenger<\/strong>, afirm\u00f3 que el <strong>Barcelona<\/strong> no deber\u00eda ser invitado a disputar la <strong>Premier League inglesa<\/strong> si &#8220;la pol\u00edtica entre <strong>Espa\u00f1a<\/strong> y <strong>Catalu\u00f1a<\/strong> no va bien&#8221;.<\/span><\/p>\n<p>&#8220;Espero que el Barcelona contin\u00fae jugando en Espa\u00f1a. (Jugar en Inglaterra) romper\u00eda la unidad geogr\u00e1fica y el sentido com\u00fan&#8221;, dijo Wenger a la cadena catar\u00ed beIN Sports.<\/p>\n<p style=\"text-align: center;\"><a href=\"https:\/\/www.futboltotal.com.mx\/infantino-seria-injusto-que-messi-se-retire-sin-ganar-mundial\/2017\/10\/\" target=\"_blank\" rel=\"noopener\"><span style=\"color: #333399;\">VER M\u00c1S: Infantino: &#8220;Ser\u00eda injusto que Messi se retire sin ganar el Mundial&#8221;<\/span><\/a><\/p>\n<p>&#8220;\u00bfPor qu\u00e9 no invitan al <strong>Celtic<\/strong> o el <strong>Rangers<\/strong> (ambos equipos escoceses) a la <strong>Premier League<\/strong>? Ellos ya est\u00e1n en el Reino Unido. Eso tendr\u00eda mucho m\u00e1s sentido que invitar al Barcelona&#8221;, afirm\u00f3 el t\u00e9cnico, seg\u00fan recoge el tabloide brit\u00e1nico Daily Mirror.<\/p>\n<blockquote class=\"twitter-video\" data-lang=\"es\">\n<p dir=\"ltr\" lang=\"en\">EXCLUSIVE: Arsene Wenger doesn&#8217;t want <a href=\"https:\/\/twitter.com\/FCBarcelona?ref_src=twsrc%5Etfw\">@FCBarcelona<\/a> in the <a href=\"https:\/\/twitter.com\/hashtag\/PL?src=hash&amp;ref_src=twsrc%5Etfw\">#PL<\/a> if they choose to leave <a href=\"https:\/\/twitter.com\/hashtag\/LaLiga?src=hash&amp;ref_src=twsrc%5Etfw\">#LaLiga<\/a> <a href=\"https:\/\/t.co\/jMZHCgA5Ip\">pic.twitter.com\/jMZHCgA5Ip<\/a><\/p>\n<p>\u2014 beIN SPORTS (@beINSPORTS) <a href=\"https:\/\/twitter.com\/beINSPORTS\/status\/916323484896071681?ref_src=twsrc%5Etfw\">6 de octubre de 2017<\/a><\/p><\/blockquote>\n<p><script async src=\"\/\/platform.twitter.com\/widgets.js\" charset=\"utf-8\"><\/script><\/p>\n<p>Wenger argument\u00f3 adem\u00e1s que una eventual invitaci\u00f3n al equipo catal\u00e1n a disputar la Premier &#8220;significar\u00eda un apoyo de Inglaterra hacia <strong>Catalu\u00f1a<\/strong>, y eso no ser\u00eda visto con buenos ojos internacionalmente&#8221;.<\/p>\n<p>El presidente de la liga espa\u00f1ola, <strong>Javier Tebas<\/strong>, afirm\u00f3 el pasado viernes que &#8220;por desgracia&#8221; ve posible una <strong>Liga<\/strong> sin el <strong>Barcelona<\/strong> y el <strong>Espanyol<\/strong>, al tiempo que subray\u00f3 que la competici\u00f3n perder\u00eda un valor que &#8220;costar\u00eda mucho recuperar&#8221;.<\/p>\n<\/div>\n<\/div>\n","protected":false},"excerpt":{"rendered":"<p>El t\u00e9cnico franc\u00e9s del Arsenal se refiri\u00f3 al posible futuro del Bar\u00e7a y Catalu\u00f1a.<\/p>\n","protected":false},"author":144,"featured_media":503721,"comment_status":"closed","ping_status":"closed","sticky":false,"template":"","format":"standard","meta":[],"categories":[3839],"tags":[6044,2177,5984,2309,5956,334],"_links":{"self":[{"href":"http:\/\/desarrollo.grupomedios.com\/futbol\/wp-json\/wp\/v2\/posts\/503720"}],"collection":[{"href":"http:\/\/desarrollo.grupomedios.com\/futbol\/wp-json\/wp\/v2\/posts"}],"about":[{"href":"http:\/\/desarrollo.grupomedios.com\/futbol\/wp-json\/wp\/v2\/types\/post"}],"author":[{"embeddable":true,"href":"http:\/\/desarrollo.grupomedios.com\/futbol\/wp-json\/wp\/v2\/users\/144"}],"replies":[{"embeddable":true,"href":"http:\/\/desarrollo.grupomedios.com\/futbol\/wp-json\/wp\/v2\/comments?post=503720"}],"version-history":[{"count":1,"href":"http:\/\/desarrollo.grupomedios.com\/futbol\/wp-json\/wp\/v2\/posts\/503720\/revisions"}],"predecessor-version":[{"id":503722,"href":"http:\/\/desarrollo.grupomedios.com\/futbol\/wp-json\/wp\/v2\/posts\/503720\/revisions\/503722"}],"wp:featuredmedia":[{"embeddable":true,"href":"http:\/\/desarrollo.grupomedios.com\/futbol\/wp-json\/wp\/v2\/media\/503721"}],"wp:attachment":[{"href":"http:\/\/desarrollo.grupomedios.com\/futbol\/wp-json\/wp\/v2\/media?parent=503720"}],"wp:term":[{"taxonomy":"category","embeddable":true,"href":"http:\/\/desarrollo.grupomedios.com\/futbol\/wp-json\/wp\/v2\/categories?post=503720"},{"taxonomy":"post_tag","embeddable":true,"href":"http:\/\/desarrollo.grupomedios.com\/futbol\/wp-json\/wp\/v2\/tags?post=503720"}],"curies":[{"name":"wp","href":"https:\/\/api.w.org\/{rel}","templated":true}]}}