{"id":503760,"date":"2017-10-09T10:55:25","date_gmt":"2017-10-09T15:55:25","guid":{"rendered":"https:\/\/www.futboltotal.com.mx\/?p=503760"},"modified":"2017-10-12T11:44:52","modified_gmt":"2017-10-12T16:44:52","slug":"pachuca-primer-club-mexicano-utiliza-var","status":"publish","type":"post","link":"http:\/\/desarrollo.grupomedios.com\/futbol\/destacado-home\/pachuca-primer-club-mexicano-utiliza-var\/2017\/10","title":{"rendered":"Pachuca, el primer club mexicano que utiliza el VAR"},"content":{"rendered":"<p>Durante el<span style=\"color: #3366ff;\"> <a href=\"https:\/\/www.futboltotal.com.mx\/psv-eindhoven-0-0-pachuca-amistoso-resumen\/2017\/10\/\" target=\"_blank\" rel=\"noopener\">partido amistoso que disputaron PSV Eindhoven y Pachuca<\/a><\/span> en el Philips Stadion, los <em>Tuzos<\/em> se convirtieron en el primer equipo mexicano en utilizar el <strong>VAR<\/strong> en un encuentro.<\/p>\n<p>La <strong>Eredivise<\/strong> de <strong>Holanda<\/strong> es una de las ligas que decidi\u00f3 la aplicaci\u00f3n de la tecnolog\u00eda en <strong>FIFA <\/strong>para algunas ocasiones especiales\u00a0y para el encuentro amistoso entre estos clubes no fue la excepci\u00f3n, pues el \u00e1rbitro decidi\u00f3 aplicarlo a minutos del final.<\/p>\n<p>Una falta del juvenil de<strong> Pachuca<\/strong> <strong>Joaqu\u00edn Esquivel<\/strong> hizo que el \u00e1rbitro consultara el <strong>VAR<\/strong> y termin\u00f3 por cambiar la tarjeta amarilla por expulsi\u00f3n para el jugador de los Tuzos.<\/p>\n<p style=\"text-align: center;\"><span style=\"color: #3366ff;\"><a href=\"https:\/\/www.futboltotal.com.mx\/top-5-las-peores-visitas-mexico-a-centroamerica\/2017\/10\/\">VER M\u00c1S: Top 5 | Las peores visitas de M\u00e9xico a Centroam\u00e9rica<\/a><\/span><\/p>\n<blockquote class=\"twitter-tweet\" data-width=\"500\">\n<p lang=\"es\" dir=\"ltr\">El VAR se aplica contra los <a href=\"https:\/\/twitter.com\/Tuzos?ref_src=twsrc%5Etfw\">@Tuzos<\/a> en su partido ante el <a href=\"https:\/\/twitter.com\/PSV?ref_src=twsrc%5Etfw\">@PSV<\/a>. El \u00e1rbitro cambia la tarjeta amarilla por roja y expulsan a Esquivel. <a href=\"https:\/\/t.co\/apOTduoO9B\">pic.twitter.com\/apOTduoO9B<\/a><\/p>\n<p>&mdash; Ricardo Cari\u00f1o (@ricardocarino) <a href=\"https:\/\/twitter.com\/ricardocarino\/status\/917462567198625794?ref_src=twsrc%5Etfw\">October 9, 2017<\/a><\/p><\/blockquote>\n<p><script async src=\"\/\/platform.twitter.com\/widgets.js\" charset=\"utf-8\"><\/script><\/p>\n","protected":false},"excerpt":{"rendered":"<p>Un jugador de los Tuzos fue expulsado por medio de la tecnolog\u00eda.<\/p>\n","protected":false},"author":20,"featured_media":503761,"comment_status":"closed","ping_status":"closed","sticky":false,"template":"","format":"standard","meta":[],"categories":[5,2198,3845],"tags":[5968,3224,9078],"_links":{"self":[{"href":"http:\/\/desarrollo.grupomedios.com\/futbol\/wp-json\/wp\/v2\/posts\/503760"}],"collection":[{"href":"http:\/\/desarrollo.grupomedios.com\/futbol\/wp-json\/wp\/v2\/posts"}],"about":[{"href":"http:\/\/desarrollo.grupomedios.com\/futbol\/wp-json\/wp\/v2\/types\/post"}],"author":[{"embeddable":true,"href":"http:\/\/desarrollo.grupomedios.com\/futbol\/wp-json\/wp\/v2\/users\/20"}],"replies":[{"embeddable":true,"href":"http:\/\/desarrollo.grupomedios.com\/futbol\/wp-json\/wp\/v2\/comments?post=503760"}],"version-history":[{"count":1,"href":"http:\/\/desarrollo.grupomedios.com\/futbol\/wp-json\/wp\/v2\/posts\/503760\/revisions"}],"predecessor-version":[{"id":503762,"href":"http:\/\/desarrollo.grupomedios.com\/futbol\/wp-json\/wp\/v2\/posts\/503760\/revisions\/503762"}],"wp:featuredmedia":[{"embeddable":true,"href":"http:\/\/desarrollo.grupomedios.com\/futbol\/wp-json\/wp\/v2\/media\/503761"}],"wp:attachment":[{"href":"http:\/\/desarrollo.grupomedios.com\/futbol\/wp-json\/wp\/v2\/media?parent=503760"}],"wp:term":[{"taxonomy":"category","embeddable":true,"href":"http:\/\/desarrollo.grupomedios.com\/futbol\/wp-json\/wp\/v2\/categories?post=503760"},{"taxonomy":"post_tag","embeddable":true,"href":"http:\/\/desarrollo.grupomedios.com\/futbol\/wp-json\/wp\/v2\/tags?post=503760"}],"curies":[{"name":"wp","href":"https:\/\/api.w.org\/{rel}","templated":true}]}}