{"id":503810,"date":"2017-10-09T18:05:04","date_gmt":"2017-10-09T23:05:04","guid":{"rendered":"https:\/\/www.futboltotal.com.mx\/?p=503810"},"modified":"2017-10-09T18:05:04","modified_gmt":"2017-10-09T23:05:04","slug":"robert-lewandowski-se-graduo-licenciado","status":"publish","type":"post","link":"http:\/\/desarrollo.grupomedios.com\/futbol\/futbol-internacional\/robert-lewandowski-se-graduo-licenciado\/2017\/10","title":{"rendered":"Robert Lewandowski se gradu\u00f3 como licenciado"},"content":{"rendered":"<p>Parece que <strong>Robert Lewandowski<\/strong> se encuentra en uno de los mejores momentos de su carrera, pues adem\u00e1s de <span style=\"color: #3366ff;\"><a href=\"https:\/\/www.futboltotal.com.mx\/polonia-4-2-montenegro-eliminatorias-uefa-resumen\/2017\/10\/\" target=\"_blank\" rel=\"noopener\">liderar a Polonia rumbo a la Copa del Mundo de Rusia 2018<\/a><\/span> y ser m\u00e1ximo goleador, el delantero del <strong>Bayern Munich<\/strong> consigui\u00f3 graduarse como licenciado de la Escuela Superior de la Educaci\u00f3n en el Deporte (EWS).<\/p>\n<p>El atacante polaco obtuvo este lunes su t\u00edtulo como licenciado en Ciencias del Deporte al defender su tesis sobre su carrera, llamado <em>R9. Camino a la gloria<\/em>, donde explica su carrera como futbolista desde que jugaba en la calle desde ni\u00f1o hasta convertirse en profesional.<\/p>\n<p style=\"text-align: center;\"><span style=\"color: #3366ff;\"><a href=\"https:\/\/www.futboltotal.com.mx\/chicharito-chucky-lozano-bajas-mexico-ante-honduras\/2017\/10\/\">VER M\u00c1S: Chicharito y Chucky Lozano, bajas de M\u00e9xico ante Honduras<\/a><\/span><\/p>\n<p>Para presentarlo ante el jurado, <strong>Lewandowski,<\/strong> de 29 a\u00f1os, se ha vestido con un traje y una camisa blanca, aunque han sido los miembros del jurado los que le han sorprendido vistiendo con los colores blanco y rojo de la bandera de <strong>Polonia<\/strong> para celebrar la clasificaci\u00f3n de la selecci\u00f3n nacional para el Mundial-2018.<\/p>\n<p>Seg\u00fan el presidente de la EWS, el capit\u00e1n de la selecci\u00f3n polaca ten\u00eda que haber presentado su trabajo el pasado s\u00e1bado, &#8220;pero para no desconcentrarlo de cara al partido del domingo y no reducir as\u00ed las opciones de la selecci\u00f3n nacional, acordamos retrasarlo dos d\u00edas&#8221;.<\/p>\n<p>&#8220;Despu\u00e9s de 10 a\u00f1os de estudios, dos d\u00edas m\u00e1s no importan mucho&#8221;, bromea Rybinski. Para esta licenciatura en Entrenamiento y Direcci\u00f3n del Deporte, el atacante ha recibido tres 5, es decir, la mejor nota prevista en el sistema escolar polaco.<\/p>\n<p style=\"text-align: center;\"><span style=\"color: #3366ff;\"><a href=\"https:\/\/www.futboltotal.com.mx\/mundial-rusia-2018-ya-17-clasificados\/2017\/10\/\">VER M\u00c1S: Mundial de Rusia 2018: \u00a1Ya son 17 clasificados!<\/a><\/span><\/p>\n","protected":false},"excerpt":{"rendered":"<p>El polaco se titul\u00f3 y llev\u00f3 a Polonia a la Copa del Mundo.<\/p>\n","protected":false},"author":20,"featured_media":503812,"comment_status":"closed","ping_status":"closed","sticky":false,"template":"","format":"standard","meta":[],"categories":[3839],"tags":[1296,6038],"_links":{"self":[{"href":"http:\/\/desarrollo.grupomedios.com\/futbol\/wp-json\/wp\/v2\/posts\/503810"}],"collection":[{"href":"http:\/\/desarrollo.grupomedios.com\/futbol\/wp-json\/wp\/v2\/posts"}],"about":[{"href":"http:\/\/desarrollo.grupomedios.com\/futbol\/wp-json\/wp\/v2\/types\/post"}],"author":[{"embeddable":true,"href":"http:\/\/desarrollo.grupomedios.com\/futbol\/wp-json\/wp\/v2\/users\/20"}],"replies":[{"embeddable":true,"href":"http:\/\/desarrollo.grupomedios.com\/futbol\/wp-json\/wp\/v2\/comments?post=503810"}],"version-history":[{"count":1,"href":"http:\/\/desarrollo.grupomedios.com\/futbol\/wp-json\/wp\/v2\/posts\/503810\/revisions"}],"predecessor-version":[{"id":503813,"href":"http:\/\/desarrollo.grupomedios.com\/futbol\/wp-json\/wp\/v2\/posts\/503810\/revisions\/503813"}],"wp:featuredmedia":[{"embeddable":true,"href":"http:\/\/desarrollo.grupomedios.com\/futbol\/wp-json\/wp\/v2\/media\/503812"}],"wp:attachment":[{"href":"http:\/\/desarrollo.grupomedios.com\/futbol\/wp-json\/wp\/v2\/media?parent=503810"}],"wp:term":[{"taxonomy":"category","embeddable":true,"href":"http:\/\/desarrollo.grupomedios.com\/futbol\/wp-json\/wp\/v2\/categories?post=503810"},{"taxonomy":"post_tag","embeddable":true,"href":"http:\/\/desarrollo.grupomedios.com\/futbol\/wp-json\/wp\/v2\/tags?post=503810"}],"curies":[{"name":"wp","href":"https:\/\/api.w.org\/{rel}","templated":true}]}}