{"id":503814,"date":"2017-10-09T18:48:01","date_gmt":"2017-10-09T23:48:01","guid":{"rendered":"https:\/\/www.futboltotal.com.mx\/?p=503814"},"modified":"2017-10-09T18:48:01","modified_gmt":"2017-10-09T23:48:01","slug":"jesus-martinez-quiere-convencer-a-psv-fichen-a-erick-gutierrez","status":"publish","type":"post","link":"http:\/\/desarrollo.grupomedios.com\/futbol\/destacado-home\/jesus-martinez-quiere-convencer-a-psv-fichen-a-erick-gutierrez\/2017\/10","title":{"rendered":"Jes\u00fas Mart\u00ednez quiere convencer a PSV de que fichen a Erick Guti\u00e9rrez"},"content":{"rendered":"<p>Luego del partido que disput\u00f3 el <span style=\"color: #3366ff;\"><a href=\"https:\/\/www.futboltotal.com.mx\/psv-eindhoven-0-0-pachuca-amistoso-resumen\/2017\/10\/\">Pachuca en Holanda donde visit\u00f3 al PSV Eindhoven<\/a><\/span>, el Presidente del equipo mexicano, <em>Jes\u00fas mart\u00ednez<\/em>, asegur\u00f3 que busca que los holandeses se lleven a otro de sus jugadores como lo hicieron con el fichaje de Hirving Lozano.<\/p>\n<p>El directivo de los <em>Tuzos<\/em> quiere que lleguen m\u00e1s mexicanos al PSV y uno de los que estar\u00eda buscando enviar a la Eredivisie es <strong>Erick Guti\u00e9rrez<\/strong>, quien fue otro de los jugadores destacados junto al Chucky.<\/p>\n<p style=\"text-align: center;\"><span style=\"color: #3366ff;\"><a href=\"https:\/\/www.futboltotal.com.mx\/cruz-azul-revela-elevados-precios-duelo-ante-america\/2017\/10\/\">VER M\u00c1S: Cruz Azul revela elevados precios para duelo ante Am\u00e9rica<\/a><\/span><\/p>\n<p>&#8220;La relaci\u00f3n es muy buena, estamos intentando convencerlos de que el<strong> Chucky<\/strong> necesita a su compa\u00f1ero, que es <strong>Erick &#8216;Guti&#8217; Guti\u00e9rrez<\/strong>. Creo que ya tiene experiencia durante estos tres \u00faltimos a\u00f1os que ha estado de titular, es el capit\u00e1n de nuestro equipo y merece una oportunidad en Europa y ojal\u00e1 que sea en un equipo como el <strong>PSV<\/strong>&#8220;, coment\u00f3 en entrevista con <em>Marca Claro.<\/em><\/p>\n<p>Adem\u00e1s del inter\u00e9s que habr\u00eda por parte del <strong>PSV<\/strong> sobre<strong> Guti\u00e9rrez<\/strong>, <strong>Mart\u00ednez<\/strong> agreg\u00f3 que tambi\u00e9n hay acercamientos por <strong>Erick Aguirre<\/strong> y <strong>V\u00edctor Guzm\u00e1n<\/strong>.<\/p>\n<p><strong>Jes\u00fas Mart\u00ednez<\/strong> tambi\u00e9n habl\u00f3 del momento que vive Lozano en Europa, que ha destacado con seis anotaciones en su llegada al conjunto holand\u00e9s y lidera la tabla de goleo.<\/p>\n<p>&#8220;El <strong>Chucky<\/strong> no es goleador, es un jugador desequilibrante que te puede jugar en las tres posiciones, te puede jugar por detr\u00e1s del nueve, por los costados, pero realmente no es goleador, tiene gol, pero no como lo ha tenido ac\u00e1, realmente nos ha impresionado mucho, pero como le dec\u00eda a la gente del PSV, va llegar un momento en el que no va poder seguir con ese ritmo y hay que tenerle calma y no exigirle como estos seis partidos en los que lleva un r\u00e9cord mejor que como empez\u00f3 Ronaldo Nazario&#8221;, expres\u00f3.<\/p>\n<p style=\"text-align: center;\"><span style=\"color: #3366ff;\"><a href=\"https:\/\/www.futboltotal.com.mx\/pachuca-primer-club-mexicano-utiliza-var\/2017\/10\/\">VER M\u00c1S: Pachuca, el primer club mexicano que utiliza el VAR<\/a><\/span><\/p>\n","protected":false},"excerpt":{"rendered":"<p>El Presidente Tuzo quiere m\u00e1s mexicanos en Holanda.<\/p>\n","protected":false},"author":20,"featured_media":491347,"comment_status":"closed","ping_status":"closed","sticky":false,"template":"","format":"standard","meta":[],"categories":[5,2198],"tags":[6158,64,5968,3224],"_links":{"self":[{"href":"http:\/\/desarrollo.grupomedios.com\/futbol\/wp-json\/wp\/v2\/posts\/503814"}],"collection":[{"href":"http:\/\/desarrollo.grupomedios.com\/futbol\/wp-json\/wp\/v2\/posts"}],"about":[{"href":"http:\/\/desarrollo.grupomedios.com\/futbol\/wp-json\/wp\/v2\/types\/post"}],"author":[{"embeddable":true,"href":"http:\/\/desarrollo.grupomedios.com\/futbol\/wp-json\/wp\/v2\/users\/20"}],"replies":[{"embeddable":true,"href":"http:\/\/desarrollo.grupomedios.com\/futbol\/wp-json\/wp\/v2\/comments?post=503814"}],"version-history":[{"count":1,"href":"http:\/\/desarrollo.grupomedios.com\/futbol\/wp-json\/wp\/v2\/posts\/503814\/revisions"}],"predecessor-version":[{"id":503815,"href":"http:\/\/desarrollo.grupomedios.com\/futbol\/wp-json\/wp\/v2\/posts\/503814\/revisions\/503815"}],"wp:featuredmedia":[{"embeddable":true,"href":"http:\/\/desarrollo.grupomedios.com\/futbol\/wp-json\/wp\/v2\/media\/491347"}],"wp:attachment":[{"href":"http:\/\/desarrollo.grupomedios.com\/futbol\/wp-json\/wp\/v2\/media?parent=503814"}],"wp:term":[{"taxonomy":"category","embeddable":true,"href":"http:\/\/desarrollo.grupomedios.com\/futbol\/wp-json\/wp\/v2\/categories?post=503814"},{"taxonomy":"post_tag","embeddable":true,"href":"http:\/\/desarrollo.grupomedios.com\/futbol\/wp-json\/wp\/v2\/tags?post=503814"}],"curies":[{"name":"wp","href":"https:\/\/api.w.org\/{rel}","templated":true}]}}