{"id":503827,"date":"2017-10-09T19:54:46","date_gmt":"2017-10-10T00:54:46","guid":{"rendered":"https:\/\/www.futboltotal.com.mx\/?p=503827"},"modified":"2017-10-09T19:54:46","modified_gmt":"2017-10-10T00:54:46","slug":"argentina-milagro-en-la-altura-ecuador","status":"publish","type":"post","link":"http:\/\/desarrollo.grupomedios.com\/futbol\/futbol-internacional\/argentina-milagro-en-la-altura-ecuador\/2017\/10","title":{"rendered":"Argentina, por el milagro en la altura de Ecuador"},"content":{"rendered":"<p>Para <strong>Jorge Sampaoli<\/strong>, t\u00e9cnico de <strong>Argentina<\/strong>, ganar en la altitud de los 2.850 metros sobre el nivel del mar en que se ubica Quito, no ser\u00eda nuevo pero s\u00ed decisivo para ir al <strong>Mundial de Rusia 2018<\/strong>, contra un <strong>Ecuador<\/strong> ya eliminado que querr\u00e1 ganar para despedirse con dignidad.<\/p>\n<p>Cuando <strong>Sampaoli<\/strong>, en el a\u00f1o 2010, dirigi\u00f3 al guayaquile\u00f1o Emelec, gan\u00f3 partidos importantes en ciudades locales con altura, de manera especial, Quito, por lo que tendr\u00e1 ma\u00f1ana una ventaja para saber c\u00f3mo contrarrestar los efectos de la altura y lograr su objetivo.<\/p>\n<p>Mientras su compatriota y t\u00e9cnico interino de<strong> Ecuador<\/strong>, Jorge C\u00e9lico, asegur\u00f3 que sacar\u00e1 ventaja de la potencia y velocidad de sus jugadores para aprovechar tambi\u00e9n los efectos de la altura y quedarse con la victoria.<\/p>\n<p style=\"text-align: center;\"><span style=\"color: #3366ff;\"><a href=\"https:\/\/www.futboltotal.com.mx\/portugal-vs-suiza-eliminatorias-uefa-2018-previa\/2017\/10\/\">VER M\u00c1S: Portugal buscar\u00e1 boleto al Mundial ante Suiza<\/a><\/span><\/p>\n<p><strong>Ecuador<\/strong> sac\u00f3 ventaja jugando de local ante <strong>Argentina<\/strong> por las eliminatorias de 1998, gan\u00e1ndole por 2-0; para el <strong>Mundial de 2006<\/strong>, por 2-0; 2010, por 2-0; empataron a uno para el <strong>Mundial de 2014<\/strong> y <strong>Argentina<\/strong> gan\u00f3 por 0-2 en agosto de 2001 para el <strong>Mundial de 2002<\/strong>, bajo la direcci\u00f3n t\u00e9cnica de <strong>Marcelo Bielsa<\/strong>.<\/p>\n<p>Por lo que <strong>Argentina<\/strong> tambi\u00e9n tiene el antecedente de haber triunfado en el mismo estadio en que se enfrentar\u00e1n ma\u00f1ana, el ol\u00edmpico &#8220;Atahualpa&#8221;, en el que Ecuador se clasific\u00f3 a los <strong>Mundiales de Corea del Sur y Jap\u00f3n 2002, Alemania 2006 y Brasil 2014<\/strong>.<\/p>\n<p>Tanto <strong>Ecuador<\/strong> como <strong>Argentina<\/strong> llegar\u00e1n al partido de ma\u00f1ana mostrando el m\u00e1s bajo nivel de los \u00faltimos a\u00f1os, pero en busca de lo que parecer\u00e1 un milagro: ganar.<\/p>\n<p><strong>Alineaciones probables:<\/strong><\/p>\n<p><strong>Ecuador:<\/strong> M\u00e1ximo Banguera; Andr\u00e9s L\u00f3pez, Dar\u00edo Aimar, Robert Arboleda, Christian Ram\u00edrez; Alfredo Intriago, Jefferson Orejuela, Renato Ibarra, Romario Ibarra; Enner Valencia y Roberto &#8216;La Tuca&#8217; Ord\u00f3\u00f1ez.<\/p>\n<p><strong>Seleccionador:<\/strong> Jorge C\u00e9lico.<\/p>\n<p><strong>Argentina:<\/strong> Sergio Romero; Gabriel Mercado, Javier Mascherano, Nicol\u00e1s Otamendi, Marcos Acu\u00f1a; Lucas Biglia, Enzo P\u00e9rez, \u00c1ngel Di Mar\u00eda, Eduardo Salvio; Lionel Messi y Dar\u00edo Benedetto.<\/p>\n<p><strong>Seleccionador:<\/strong> Jorge Luis Sampaoli.<\/p>\n<p><strong>\u00c1rbitro:<\/strong> Anderson Daronco, de Brasil, asistido por sus compatriotas Alessandro Rocha y Fabricio Vilarinho.<\/p>\n<p><strong>Estadio:<\/strong> Ol\u00edmpico &#8220;Atahualpa&#8221;, de la capital ecuatoriana.<\/p>\n","protected":false},"excerpt":{"rendered":"<p>La Albiceleste necesita de un triunfo y una combinaci\u00f3n de resultados para ir a Rusia.<\/p>\n","protected":false},"author":144,"featured_media":503828,"comment_status":"closed","ping_status":"closed","sticky":false,"template":"","format":"standard","meta":[],"categories":[3839],"tags":[5996,708,1125],"_links":{"self":[{"href":"http:\/\/desarrollo.grupomedios.com\/futbol\/wp-json\/wp\/v2\/posts\/503827"}],"collection":[{"href":"http:\/\/desarrollo.grupomedios.com\/futbol\/wp-json\/wp\/v2\/posts"}],"about":[{"href":"http:\/\/desarrollo.grupomedios.com\/futbol\/wp-json\/wp\/v2\/types\/post"}],"author":[{"embeddable":true,"href":"http:\/\/desarrollo.grupomedios.com\/futbol\/wp-json\/wp\/v2\/users\/144"}],"replies":[{"embeddable":true,"href":"http:\/\/desarrollo.grupomedios.com\/futbol\/wp-json\/wp\/v2\/comments?post=503827"}],"version-history":[{"count":1,"href":"http:\/\/desarrollo.grupomedios.com\/futbol\/wp-json\/wp\/v2\/posts\/503827\/revisions"}],"predecessor-version":[{"id":503829,"href":"http:\/\/desarrollo.grupomedios.com\/futbol\/wp-json\/wp\/v2\/posts\/503827\/revisions\/503829"}],"wp:featuredmedia":[{"embeddable":true,"href":"http:\/\/desarrollo.grupomedios.com\/futbol\/wp-json\/wp\/v2\/media\/503828"}],"wp:attachment":[{"href":"http:\/\/desarrollo.grupomedios.com\/futbol\/wp-json\/wp\/v2\/media?parent=503827"}],"wp:term":[{"taxonomy":"category","embeddable":true,"href":"http:\/\/desarrollo.grupomedios.com\/futbol\/wp-json\/wp\/v2\/categories?post=503827"},{"taxonomy":"post_tag","embeddable":true,"href":"http:\/\/desarrollo.grupomedios.com\/futbol\/wp-json\/wp\/v2\/tags?post=503827"}],"curies":[{"name":"wp","href":"https:\/\/api.w.org\/{rel}","templated":true}]}}