{"id":503830,"date":"2017-10-10T12:38:56","date_gmt":"2017-10-10T17:38:56","guid":{"rendered":"https:\/\/www.futboltotal.com.mx\/?p=503830"},"modified":"2017-10-10T15:39:05","modified_gmt":"2017-10-10T20:39:05","slug":"el-dia-que-oswaldo-sanchez-pidio-clemencia-a-david-suazo201710","status":"publish","type":"post","link":"http:\/\/desarrollo.grupomedios.com\/futbol\/futbol-mexicano\/el-dia-que-oswaldo-sanchez-pidio-clemencia-a-david-suazo201710\/2017\/10","title":{"rendered":"El d\u00eda que Oswaldo S\u00e1nchez pidi\u00f3 clemencia a David Suazo"},"content":{"rendered":"<p>La <strong>Selecci\u00f3n Mexicana<\/strong> sufri\u00f3 en su calificaci\u00f3n al <strong>Mundial de Sud\u00e1frica 2010<\/strong> y <strong>Honduras<\/strong> fue uno de los culpables.<\/p>\n<p>Dentro de la tercera ronda de las eliminatorias de <strong>Concacaf<\/strong>, los <strong><em>Catrachos<\/em><\/strong> casi dejan fuera del <strong>Hexagonal Final<\/strong> a <strong>M\u00e9xico<\/strong>.<\/p>\n<p>Es por ello que ante la combinaci\u00f3n de resultados con <strong>Jamaica,<\/strong> el entonces portero del <strong>Tri<\/strong>, <strong>Oswaldo S\u00e1nchez<\/strong>, pidi\u00f3 clemencia al delantero de <strong>Honduras<\/strong>, <strong>David Suazo<\/strong>.<\/p>\n<p>[video_player]https:\/\/player.vimeo.com\/external\/237479232.hd.mp4?s=da365755806673f783e3ba1d022cd7943b930e9b&amp;profile_id=174[\/video_player]<\/p>\n","protected":false},"excerpt":{"rendered":"<p>El portero mexicano pidi\u00f3 terminar el partido.<\/p>\n","protected":false},"author":20,"featured_media":503837,"comment_status":"closed","ping_status":"closed","sticky":false,"template":"","format":"standard","meta":[],"categories":[7570,2198,3847],"tags":[282,800,65,446],"_links":{"self":[{"href":"http:\/\/desarrollo.grupomedios.com\/futbol\/wp-json\/wp\/v2\/posts\/503830"}],"collection":[{"href":"http:\/\/desarrollo.grupomedios.com\/futbol\/wp-json\/wp\/v2\/posts"}],"about":[{"href":"http:\/\/desarrollo.grupomedios.com\/futbol\/wp-json\/wp\/v2\/types\/post"}],"author":[{"embeddable":true,"href":"http:\/\/desarrollo.grupomedios.com\/futbol\/wp-json\/wp\/v2\/users\/20"}],"replies":[{"embeddable":true,"href":"http:\/\/desarrollo.grupomedios.com\/futbol\/wp-json\/wp\/v2\/comments?post=503830"}],"version-history":[{"count":5,"href":"http:\/\/desarrollo.grupomedios.com\/futbol\/wp-json\/wp\/v2\/posts\/503830\/revisions"}],"predecessor-version":[{"id":503878,"href":"http:\/\/desarrollo.grupomedios.com\/futbol\/wp-json\/wp\/v2\/posts\/503830\/revisions\/503878"}],"wp:featuredmedia":[{"embeddable":true,"href":"http:\/\/desarrollo.grupomedios.com\/futbol\/wp-json\/wp\/v2\/media\/503837"}],"wp:attachment":[{"href":"http:\/\/desarrollo.grupomedios.com\/futbol\/wp-json\/wp\/v2\/media?parent=503830"}],"wp:term":[{"taxonomy":"category","embeddable":true,"href":"http:\/\/desarrollo.grupomedios.com\/futbol\/wp-json\/wp\/v2\/categories?post=503830"},{"taxonomy":"post_tag","embeddable":true,"href":"http:\/\/desarrollo.grupomedios.com\/futbol\/wp-json\/wp\/v2\/tags?post=503830"}],"curies":[{"name":"wp","href":"https:\/\/api.w.org\/{rel}","templated":true}]}}