{"id":503856,"date":"2017-10-10T10:30:12","date_gmt":"2017-10-10T15:30:12","guid":{"rendered":"https:\/\/www.futboltotal.com.mx\/?p=503856"},"modified":"2017-10-10T10:30:12","modified_gmt":"2017-10-10T15:30:12","slug":"presidente-peru-decreta-insolita-medida-duelo-vs-colombia","status":"publish","type":"post","link":"http:\/\/desarrollo.grupomedios.com\/futbol\/cambio-de-juego\/presidente-peru-decreta-insolita-medida-duelo-vs-colombia\/2017\/10","title":{"rendered":"Presidente de Per\u00fa decreta ins\u00f3lita medida por duelo vs Colombia"},"content":{"rendered":"<p>La pasi\u00f3n por el futbol llega a altura insospechadas, y es as\u00ed que el presidente de <strong>Per\u00fa<\/strong>, <strong>Pedro Pablo Kuczynski<\/strong>, ha decidido que este martes 10 de octubre, dar\u00e1 la medio d\u00eda feriado a todo el pa\u00eds para que puedan alentar a su selecci\u00f3n en busca del pase para <strong>Rusia 2018<\/strong>.<\/p>\n<p>A trav\u00e9s de Twitter el mandatario dio a conocer la medida, luego que el lunes por la noche visitaron a los jugadores peruanos que se encuentran concentrados\u00a0en un hotel de <strong>Lima<\/strong> para preparar el duelo ante <strong>Colombia<\/strong>, que ser\u00e1 vital para sus aspiraciones.<\/p>\n<blockquote class=\"twitter-tweet\" data-lang=\"es\">\n<p dir=\"ltr\" lang=\"es\">Hoy juega nuestra selecci\u00f3n y todos queremos alentar a nuestros muchachos. Decreto medio d\u00eda laborable para juntos gritar \u00a1Arriba Per\u00fa!<\/p>\n<p>\u2014 PedroPablo Kuczynski (@ppkamigo) <a href=\"https:\/\/twitter.com\/ppkamigo\/status\/917714074305204224?ref_src=twsrc%5Etfw\">10 de octubre de 2017<\/a><\/p><\/blockquote>\n<p><script async src=\"\/\/platform.twitter.com\/widgets.js\" charset=\"utf-8\"><\/script><\/p>\n<p style=\"text-align: center;\"><a href=\"https:\/\/www.futboltotal.com.mx\/necesitan-messi-argentina-calificar-a-rusia-2018\/2017\/10\/\" target=\"_blank\" rel=\"noopener\">VER M\u00c1S: \u00bfQu\u00e9 necesita Messi y Argentina para clasificar a Rusia 2018?<\/a><\/p>\n<p>\u201cSiempre he confiado en ustedes, falta muy poco para llegar a Rusia. <strong>Jueguen con el coraz\u00f3n<\/strong> y con la cabeza, para que pongan toda su habilidad y destreza en la cancha, y <strong>logren la victoria esperada<\/strong> por todos los peruanos\u201d, dijo Kuczynski a los jugadores, de acuerdo a un comunicado enviado por el palacio de gobierno.<\/p>\n<blockquote class=\"twitter-tweet\" data-lang=\"es\">\n<p dir=\"ltr\" lang=\"es\">Hoy todo el Per\u00fa con la selecci\u00f3n. Trabajadores del sector p\u00fablico podr\u00e1n alentar a partir de las 4 p.m. a nuestros muchachos. Arriba Per\u00fa.<\/p>\n<p>\u2014 PedroPablo Kuczynski (@ppkamigo) <a href=\"https:\/\/twitter.com\/ppkamigo\/status\/917751090526822400?ref_src=twsrc%5Etfw\">10 de octubre de 2017<\/a><\/p><\/blockquote>\n<p><script async src=\"\/\/platform.twitter.com\/widgets.js\" charset=\"utf-8\"><\/script><\/p>\n<p>Per\u00fa buscar\u00e1 esta tarde regresar a una <strong>Copa del Mundo<\/strong>, pues no participa en un torneo desde <strong>Espa\u00f1a 1982<\/strong>.<\/p>\n<p style=\"text-align: center;\"><a href=\"https:\/\/www.futboltotal.com.mx\/mundial-rusia-2018-ya-17-clasificados\/2017\/10\/\" target=\"_blank\" rel=\"noopener\">VER M\u00c1S: Estos son los 17 calificados a Rusia 2018 al momento<\/a><\/p>\n","protected":false},"excerpt":{"rendered":"<p>Los incas buscan su clasificaci\u00f3n a Rusia 2018<\/p>\n","protected":false},"author":159,"featured_media":503857,"comment_status":"closed","ping_status":"closed","sticky":false,"template":"","format":"standard","meta":[],"categories":[5419],"tags":[6005,1392,10546,722,2232],"_links":{"self":[{"href":"http:\/\/desarrollo.grupomedios.com\/futbol\/wp-json\/wp\/v2\/posts\/503856"}],"collection":[{"href":"http:\/\/desarrollo.grupomedios.com\/futbol\/wp-json\/wp\/v2\/posts"}],"about":[{"href":"http:\/\/desarrollo.grupomedios.com\/futbol\/wp-json\/wp\/v2\/types\/post"}],"author":[{"embeddable":true,"href":"http:\/\/desarrollo.grupomedios.com\/futbol\/wp-json\/wp\/v2\/users\/159"}],"replies":[{"embeddable":true,"href":"http:\/\/desarrollo.grupomedios.com\/futbol\/wp-json\/wp\/v2\/comments?post=503856"}],"version-history":[{"count":1,"href":"http:\/\/desarrollo.grupomedios.com\/futbol\/wp-json\/wp\/v2\/posts\/503856\/revisions"}],"predecessor-version":[{"id":503858,"href":"http:\/\/desarrollo.grupomedios.com\/futbol\/wp-json\/wp\/v2\/posts\/503856\/revisions\/503858"}],"wp:featuredmedia":[{"embeddable":true,"href":"http:\/\/desarrollo.grupomedios.com\/futbol\/wp-json\/wp\/v2\/media\/503857"}],"wp:attachment":[{"href":"http:\/\/desarrollo.grupomedios.com\/futbol\/wp-json\/wp\/v2\/media?parent=503856"}],"wp:term":[{"taxonomy":"category","embeddable":true,"href":"http:\/\/desarrollo.grupomedios.com\/futbol\/wp-json\/wp\/v2\/categories?post=503856"},{"taxonomy":"post_tag","embeddable":true,"href":"http:\/\/desarrollo.grupomedios.com\/futbol\/wp-json\/wp\/v2\/tags?post=503856"}],"curies":[{"name":"wp","href":"https:\/\/api.w.org\/{rel}","templated":true}]}}